{"id":1773,"date":"2025-11-15T17:34:41","date_gmt":"2025-11-15T17:34:41","guid":{"rendered":"https:\/\/interaccioninformativa.mx\/?p=1773"},"modified":"2025-11-15T17:34:41","modified_gmt":"2025-11-15T17:34:41","slug":"marcha-de-la-generacion-z-en-mexico-estados-y-paises-participantes-el-15-de-noviembre-de-2025","status":"publish","type":"post","link":"https:\/\/interaccioninformativa.mx\/index.php\/2025\/11\/15\/marcha-de-la-generacion-z-en-mexico-estados-y-paises-participantes-el-15-de-noviembre-de-2025\/","title":{"rendered":"Marcha de la Generaci\u00f3n Z en M\u00e9xico: Estados y pa\u00edses participantes el 15 de noviembre de 2025"},"content":{"rendered":"\n<figure class=\"wp-block-image size-large\"><img loading=\"lazy\" decoding=\"async\" width=\"1024\" height=\"576\" src=\"https:\/\/interaccioninformativa.mx\/wp-content\/uploads\/2025\/11\/FD5EE33ZSNHDJPWDLGSAYZSI7I-1024x576.avif\" alt=\"\" class=\"wp-image-1774\" srcset=\"https:\/\/interaccioninformativa.mx\/wp-content\/uploads\/2025\/11\/FD5EE33ZSNHDJPWDLGSAYZSI7I-1024x576.avif 1024w, https:\/\/interaccioninformativa.mx\/wp-content\/uploads\/2025\/11\/FD5EE33ZSNHDJPWDLGSAYZSI7I-300x169.avif 300w, https:\/\/interaccioninformativa.mx\/wp-content\/uploads\/2025\/11\/FD5EE33ZSNHDJPWDLGSAYZSI7I-768x432.avif 768w, https:\/\/interaccioninformativa.mx\/wp-content\/uploads\/2025\/11\/FD5EE33ZSNHDJPWDLGSAYZSI7I-678x381.avif 678w, https:\/\/interaccioninformativa.mx\/wp-content\/uploads\/2025\/11\/FD5EE33ZSNHDJPWDLGSAYZSI7I.avif 1200w\" sizes=\"auto, (max-width: 1024px) 100vw, 1024px\" \/><\/figure>\n\n\n\n<p>La movilizaci\u00f3n convocada por el colectivo <strong>Generaci\u00f3n Z M\u00e9xico<\/strong>, un movimiento juvenil apartidista que busca visibilizar temas como la inseguridad, la corrupci\u00f3n y el descontento social, se extender\u00e1 este s\u00e1bado 15 de noviembre a nivel nacional e internacional. Inspirada en el asesinato del alcalde de Uruapan, Carlos Manzo, el 1 de noviembre, y utilizando s\u00edmbolos como la bandera de <em>One Piece<\/em>, la protesta enfatiza un car\u00e1cter pac\u00edfico y se deslinda de cualquier acto de vandalismo.<\/p>\n\n\n\n<p>Seg\u00fan convocatorias difundidas en redes sociales y reportes de medios, las marchas se realizar\u00e1n en <strong>todas las 32 entidades federativas de M\u00e9xico<\/strong> (31 estados m\u00e1s la Ciudad de M\u00e9xico), abarcando m\u00e1s de 50 ciudades con rutas y horarios espec\u00edficos, como el trayecto del \u00c1ngel de la Independencia al Z\u00f3calo en CDMX a partir de las 11:00 horas. A nivel global, se suman manifestaciones solidarias en al menos <strong>4 pa\u00edses<\/strong>, dirigidas a consulados y embajadas mexicanas.<\/p>\n\n\n\n<h4 class=\"wp-block-heading\">Lista de estados mexicanos participantes<\/h4>\n\n\n\n<p>A continuaci\u00f3n, una tabla con los 32 estados y CDMX confirmados, basada en las convocatorias oficiales y coberturas period\u00edsticas. En cada uno, hay al menos una ciudad con marcha programada (ejemplos incluyen Guadalajara en Jalisco o Monterrey en Nuevo Le\u00f3n).<\/p>\n\n\n\n<figure class=\"wp-block-table\"><table class=\"has-fixed-layout\"><thead><tr><th>Entidad Federativa<\/th><th>Ejemplos de ciudades participantes<\/th><\/tr><\/thead><tbody><tr><td>Aguascalientes<\/td><td>Aguascalientes<\/td><\/tr><tr><td>Baja California<\/td><td>Tijuana, Mexicali, Ensenada, Tecate<\/td><\/tr><tr><td>Baja California Sur<\/td><td>La Paz<\/td><\/tr><tr><td>Campeche<\/td><td>Campeche<\/td><\/tr><tr><td>Chiapas<\/td><td>Tuxtla Guti\u00e9rrez<\/td><\/tr><tr><td>Chihuahua<\/td><td>Chihuahua<\/td><\/tr><tr><td>Ciudad de M\u00e9xico<\/td><td>CDMX (\u00c1ngel al Z\u00f3calo, 11:00 h)<\/td><\/tr><tr><td>Coahuila<\/td><td>Saltillo, Monclova<\/td><\/tr><tr><td>Colima<\/td><td>Colima<\/td><\/tr><tr><td>Durango<\/td><td>Durango (Av. 20 de Noviembre, 10:00 h)<\/td><\/tr><tr><td>Estado de M\u00e9xico<\/td><td>Toluca, Nezahualc\u00f3yotl, Ixtlahuaca<\/td><\/tr><tr><td>Guanajuato<\/td><td>Le\u00f3n, Guanajuato<\/td><\/tr><tr><td>Guerrero<\/td><td>Chilpancingo<\/td><\/tr><tr><td>Hidalgo<\/td><td>Pachuca<\/td><\/tr><tr><td>Jalisco<\/td><td>Guadalajara<\/td><\/tr><tr><td>Michoac\u00e1n<\/td><td>Morelia, Uruapan<\/td><\/tr><tr><td>Morelos<\/td><td>Cuernavaca<\/td><\/tr><tr><td>Nayarit<\/td><td>Tepic<\/td><\/tr><tr><td>Nuevo Le\u00f3n<\/td><td>Monterrey<\/td><\/tr><tr><td>Oaxaca<\/td><td>Oaxaca de Ju\u00e1rez<\/td><\/tr><tr><td>Puebla<\/td><td>Puebla<\/td><\/tr><tr><td>Quer\u00e9taro<\/td><td>Quer\u00e9taro<\/td><\/tr><tr><td>Quintana Roo<\/td><td>Canc\u00fan<\/td><\/tr><tr><td>San Luis Potos\u00ed<\/td><td>San Luis Potos\u00ed<\/td><\/tr><tr><td>Sinaloa<\/td><td>Culiac\u00e1n<\/td><\/tr><tr><td>Sonora<\/td><td>Hermosillo (Plaza Emiliana de Subeld\u00eda, 11:00 h)<\/td><\/tr><tr><td>Tabasco<\/td><td>Villahermosa<\/td><\/tr><tr><td>Tamaulipas<\/td><td>Tampico, Reynosa<\/td><\/tr><tr><td>Tlaxcala<\/td><td>Tlaxcala<\/td><\/tr><tr><td>Veracruz<\/td><td>Xalapa, Veracruz<\/td><\/tr><tr><td>Yucat\u00e1n<\/td><td>M\u00e9rida<\/td><\/tr><tr><td>Zacatecas<\/td><td>Zacatecas<\/td><\/tr><\/tbody><\/table><\/figure>\n\n\n\n<h4 class=\"wp-block-heading\">Pa\u00edses y ciudades internacionales con marchas solidarias<\/h4>\n\n\n\n<p>Estas manifestaciones se concentran en comunidades mexicanas en el extranjero, con \u00e9nfasis en demandas por justicia y seguridad en M\u00e9xico.<\/p>\n\n\n\n<figure class=\"wp-block-table\"><table class=\"has-fixed-layout\"><thead><tr><th>Pa\u00eds<\/th><th>Ciudad y detalles de la marcha<\/th><\/tr><\/thead><tbody><tr><td>Estados Unidos<\/td><td>Los \u00c1ngeles (Consulado de M\u00e9xico, 10:00 h)<\/td><\/tr><tr><td>Alemania<\/td><td>D\u00fcsseldorf (Torre del Rin al Consulado, 11:00 h)<\/td><\/tr><tr><td>Pa\u00edses Bajos<\/td><td>Den Haag (Embajada de M\u00e9xico, 12:00 h)<\/td><\/tr><tr><td>Canad\u00e1<\/td><td>Ciudades no especificadas (hacia consulados)<\/td><\/tr><\/tbody><\/table><\/figure>\n\n\n\n<p>El pliego petitorio de 12 puntos incluye demandas como mayor seguridad, combate a la corrupci\u00f3n y revocaci\u00f3n de mandatos. Autoridades en CDMX y otros estados han reforzado per\u00edmetros en sitios clave, como Palacio Nacional, con vallas met\u00e1licas. Para rutas detalladas por ciudad, consulta el hilo oficial en X de @generacionz_mx<\/p>\n","protected":false},"excerpt":{"rendered":"<div class=\"mh-excerpt\"><p>La movilizaci\u00f3n convocada por el colectivo Generaci\u00f3n Z M\u00e9xico, un movimiento juvenil apartidista que busca visibilizar temas como la inseguridad, la corrupci\u00f3n y el descontento <a class=\"mh-excerpt-more\" href=\"https:\/\/interaccioninformativa.mx\/index.php\/2025\/11\/15\/marcha-de-la-generacion-z-en-mexico-estados-y-paises-participantes-el-15-de-noviembre-de-2025\/\" title=\"Marcha de la Generaci\u00f3n Z en M\u00e9xico: Estados y pa\u00edses participantes el 15 de noviembre de 2025\">[&#8230;]<\/a><\/p>\n<\/div>","protected":false},"author":1,"featured_media":1774,"comment_status":"open","ping_status":"closed","sticky":false,"template":"","format":"standard","meta":{"footnotes":""},"categories":[1],"tags":[],"class_list":["post-1773","post","type-post","status-publish","format-standard","has-post-thumbnail","hentry","category-noticias"],"_links":{"self":[{"href":"https:\/\/interaccioninformativa.mx\/index.php\/wp-json\/wp\/v2\/posts\/1773","targetHints":{"allow":["GET"]}}],"collection":[{"href":"https:\/\/interaccioninformativa.mx\/index.php\/wp-json\/wp\/v2\/posts"}],"about":[{"href":"https:\/\/interaccioninformativa.mx\/index.php\/wp-json\/wp\/v2\/types\/post"}],"author":[{"embeddable":true,"href":"https:\/\/interaccioninformativa.mx\/index.php\/wp-json\/wp\/v2\/users\/1"}],"replies":[{"embeddable":true,"href":"https:\/\/interaccioninformativa.mx\/index.php\/wp-json\/wp\/v2\/comments?post=1773"}],"version-history":[{"count":1,"href":"https:\/\/interaccioninformativa.mx\/index.php\/wp-json\/wp\/v2\/posts\/1773\/revisions"}],"predecessor-version":[{"id":1775,"href":"https:\/\/interaccioninformativa.mx\/index.php\/wp-json\/wp\/v2\/posts\/1773\/revisions\/1775"}],"wp:featuredmedia":[{"embeddable":true,"href":"https:\/\/interaccioninformativa.mx\/index.php\/wp-json\/wp\/v2\/media\/1774"}],"wp:attachment":[{"href":"https:\/\/interaccioninformativa.mx\/index.php\/wp-json\/wp\/v2\/media?parent=1773"}],"wp:term":[{"taxonomy":"category","embeddable":true,"href":"https:\/\/interaccioninformativa.mx\/index.php\/wp-json\/wp\/v2\/categories?post=1773"},{"taxonomy":"post_tag","embeddable":true,"href":"https:\/\/interaccioninformativa.mx\/index.php\/wp-json\/wp\/v2\/tags?post=1773"}],"curies":[{"name":"wp","href":"https:\/\/api.w.org\/{rel}","templated":true}]}}