{"id":1776,"date":"2025-11-15T17:45:46","date_gmt":"2025-11-15T17:45:46","guid":{"rendered":"https:\/\/interaccioninformativa.mx\/?p=1776"},"modified":"2025-11-15T17:45:46","modified_gmt":"2025-11-15T17:45:46","slug":"explosion-en-ezeiza-incendio-en-parque-industrial-de-argentina-deja-mas-de-20-heridos","status":"publish","type":"post","link":"https:\/\/interaccioninformativa.mx\/index.php\/2025\/11\/15\/explosion-en-ezeiza-incendio-en-parque-industrial-de-argentina-deja-mas-de-20-heridos\/","title":{"rendered":"Explosi\u00f3n en Ezeiza: Incendio en parque industrial de Argentina deja m\u00e1s de 20 heridos"},"content":{"rendered":"\n<figure class=\"wp-block-image size-full\"><img loading=\"lazy\" decoding=\"async\" width=\"942\" height=\"532\" src=\"https:\/\/interaccioninformativa.mx\/wp-content\/uploads\/2025\/11\/autoridades-precisado-causas-originaron-siniestro-1.webp\" alt=\"\" class=\"wp-image-1777\" srcset=\"https:\/\/interaccioninformativa.mx\/wp-content\/uploads\/2025\/11\/autoridades-precisado-causas-originaron-siniestro-1.webp 942w, https:\/\/interaccioninformativa.mx\/wp-content\/uploads\/2025\/11\/autoridades-precisado-causas-originaron-siniestro-1-300x169.webp 300w, https:\/\/interaccioninformativa.mx\/wp-content\/uploads\/2025\/11\/autoridades-precisado-causas-originaron-siniestro-1-768x434.webp 768w\" sizes=\"auto, (max-width: 942px) 100vw, 942px\" \/><\/figure>\n\n\n\n<p>Un devastador incendio, iniciado por una serie de explosiones en cadena, afect\u00f3 la noche del viernes 14 de noviembre de 2025 el Polo Industrial Spegazzini en Carlos Spegazzini, Ezeiza, provincia de Buenos Aires, Argentina, a unos 12 km del Aeropuerto Internacional Ministro Pistarini. El siniestro comenz\u00f3 alrededor de las 21:00 horas en un dep\u00f3sito de la empresa Logischem (log\u00edstica de agroqu\u00edmicos y pinturas), propag\u00e1ndose a al menos cinco plantas, incluyendo dep\u00f3sitos de Iron Mountain (archivos de documentos), Pl\u00e1sticos Lagos y galpones con neum\u00e1ticos y sustancias qu\u00edmicas como agua oxigenada al 250%. La onda expansiva rompi\u00f3 vidrios y da\u00f1\u00f3 techos en barrios cercanos, generando evacuaciones preventivas en zonas residenciales, incluyendo la vecindad del intendente Gast\u00f3n Granados y del futbolista Franco Armani.<\/p>\n\n\n\n<p>Hasta el mediod\u00eda del s\u00e1bado 15 de noviembre, se reportan <strong>al menos 22-25 heridos<\/strong>, principalmente con lesiones leves por cortes de vidrios, quemaduras menores, politraumatismos e inhalaci\u00f3n de humo. No hay v\u00edctimas fatales confirmadas ni personas desaparecidas, y el fuego est\u00e1 contenido, aunque persisten labores de enfriamiento. Autoridades investigan las causas, con foco en fallos en dep\u00f3sitos qu\u00edmicos; el Gobierno nacional examina responsabilidades, especialmente de Iron Mountain, recordada por un incendio fatal en 2014. Una nube t\u00f3xica ha activado alertas sanitarias en municipios aleda\u00f1os (Ezeiza, Ca\u00f1uelas, La Matanza), recomendando cerrar ventanas y usar mascarillas.<\/p>\n\n\n\n<h4 class=\"wp-block-heading\">Detalles de los heridos y atenci\u00f3n m\u00e9dica<\/h4>\n\n\n\n<p>Todos los afectados est\u00e1n estables; la mayor\u00eda ha sido dada de alta. Resumen basado en reportes del Ministerio de Salud bonaerense y nacional:<\/p>\n\n\n\n<figure class=\"wp-block-table\"><table class=\"has-fixed-layout\"><thead><tr><th>Lugar de atenci\u00f3n<\/th><th>N\u00famero de heridos<\/th><th>Detalles clave<\/th><\/tr><\/thead><tbody><tr><td>Cl\u00ednica Monte Grande<\/td><td>15<\/td><td>Lesiones leves (cortes, inhalaci\u00f3n de humo); incluye mujer embarazada en terapia intensiva por intoxicaci\u00f3n inicial, ya estable.<\/td><\/tr><tr><td>Hospital Eurnekian (Ezeiza)<\/td><td>8<\/td><td>7 leves (golpes, cortes); 1 con fractura expuesta en brazo (intervenida quir\u00fargicamente); todos dados de alta.<\/td><\/tr><tr><td>Hospital de Ezeiza<\/td><td>3<\/td><td>Heridas menores por onda expansiva; atendidos y dados de alta.<\/td><\/tr><tr><td>Hospital Cuenca Alta N\u00e9stor Kirchner<\/td><td>1<\/td><td>Quemaduras y fracturas leves; estable y dado de alta.<\/td><\/tr><tr><td>Otros sanatorios regionales<\/td><td>2-5<\/td><td>Incluye hombre &gt;50 a\u00f1os con infarto (en terapia intensiva, pero estable); vecinos con politraumatismos.<\/td><\/tr><\/tbody><\/table><\/figure>\n\n\n\n<h4 class=\"wp-block-heading\">Respuesta de emergencia<\/h4>\n\n\n\n<ul class=\"wp-block-list\">\n<li><strong>Bomberos y fuerzas<\/strong>: M\u00e1s de 380 bomberos con 70 unidades, m\u00e1s de 100 m\u00f3viles de polic\u00eda, Defensa Civil, ambulancias y apoyo de la Uni\u00f3n Industrial Argentina (UIA). C\u00f3digo rojo en hospitales locales; operativo se extender\u00e1 48 horas.<\/li>\n\n\n\n<li><strong>Impacto ambiental y log\u00edstico<\/strong>: Nube t\u00f3xica por quema de pl\u00e1sticos, agroqu\u00edmicos y neum\u00e1ticos; se recomienda evitar la zona, apagar aires acondicionados y no circular. Vuelos en Ezeiza con demoras iniciales por humo; Autopista Ezeiza-Ca\u00f1uelas cortada temporalmente.<\/li>\n\n\n\n<li><strong>Declaraciones clave<\/strong>: Intendente Granados: \u00abIncontrolable al inicio, ahora contenido; no hay riesgo de propagaci\u00f3n\u00bb. Ministro de Salud Nicol\u00e1s Kreplak: \u00abNo hay internados graves restantes\u00bb. Presidente UIA Mart\u00edn Rapallini: \u00abOcurri\u00f3 en zona abierta, no en parques administrados por nosotros; brindamos apoyo log\u00edstico\u00bb. Justicia federal lidera peritajes.<\/li>\n<\/ul>\n","protected":false},"excerpt":{"rendered":"<div class=\"mh-excerpt\"><p>Un devastador incendio, iniciado por una serie de explosiones en cadena, afect\u00f3 la noche del viernes 14 de noviembre de 2025 el Polo Industrial Spegazzini <a class=\"mh-excerpt-more\" href=\"https:\/\/interaccioninformativa.mx\/index.php\/2025\/11\/15\/explosion-en-ezeiza-incendio-en-parque-industrial-de-argentina-deja-mas-de-20-heridos\/\" title=\"Explosi\u00f3n en Ezeiza: Incendio en parque industrial de Argentina deja m\u00e1s de 20 heridos\">[&#8230;]<\/a><\/p>\n<\/div>","protected":false},"author":1,"featured_media":1777,"comment_status":"open","ping_status":"closed","sticky":false,"template":"","format":"standard","meta":{"footnotes":""},"categories":[1],"tags":[],"class_list":["post-1776","post","type-post","status-publish","format-standard","has-post-thumbnail","hentry","category-noticias"],"_links":{"self":[{"href":"https:\/\/interaccioninformativa.mx\/index.php\/wp-json\/wp\/v2\/posts\/1776","targetHints":{"allow":["GET"]}}],"collection":[{"href":"https:\/\/interaccioninformativa.mx\/index.php\/wp-json\/wp\/v2\/posts"}],"about":[{"href":"https:\/\/interaccioninformativa.mx\/index.php\/wp-json\/wp\/v2\/types\/post"}],"author":[{"embeddable":true,"href":"https:\/\/interaccioninformativa.mx\/index.php\/wp-json\/wp\/v2\/users\/1"}],"replies":[{"embeddable":true,"href":"https:\/\/interaccioninformativa.mx\/index.php\/wp-json\/wp\/v2\/comments?post=1776"}],"version-history":[{"count":1,"href":"https:\/\/interaccioninformativa.mx\/index.php\/wp-json\/wp\/v2\/posts\/1776\/revisions"}],"predecessor-version":[{"id":1778,"href":"https:\/\/interaccioninformativa.mx\/index.php\/wp-json\/wp\/v2\/posts\/1776\/revisions\/1778"}],"wp:featuredmedia":[{"embeddable":true,"href":"https:\/\/interaccioninformativa.mx\/index.php\/wp-json\/wp\/v2\/media\/1777"}],"wp:attachment":[{"href":"https:\/\/interaccioninformativa.mx\/index.php\/wp-json\/wp\/v2\/media?parent=1776"}],"wp:term":[{"taxonomy":"category","embeddable":true,"href":"https:\/\/interaccioninformativa.mx\/index.php\/wp-json\/wp\/v2\/categories?post=1776"},{"taxonomy":"post_tag","embeddable":true,"href":"https:\/\/interaccioninformativa.mx\/index.php\/wp-json\/wp\/v2\/tags?post=1776"}],"curies":[{"name":"wp","href":"https:\/\/api.w.org\/{rel}","templated":true}]}}