{"id":1784,"date":"2025-11-16T19:25:00","date_gmt":"2025-11-16T19:25:00","guid":{"rendered":"https:\/\/interaccioninformativa.mx\/?p=1784"},"modified":"2025-11-18T19:26:05","modified_gmt":"2025-11-18T19:26:05","slug":"cinco-muertos-y-nueve-detenidos-en-enfrentamiento-en-culiacan","status":"publish","type":"post","link":"https:\/\/interaccioninformativa.mx\/index.php\/2025\/11\/16\/cinco-muertos-y-nueve-detenidos-en-enfrentamiento-en-culiacan\/","title":{"rendered":"Cinco muertos y nueve detenidos en enfrentamiento en Culiac\u00e1n"},"content":{"rendered":"\n<figure class=\"wp-block-image size-large\"><img loading=\"lazy\" decoding=\"async\" width=\"1024\" height=\"640\" src=\"https:\/\/interaccioninformativa.mx\/wp-content\/uploads\/2025\/11\/operativo-sinaloa-guasimal-culiacan-16112025-1024x640.jpg\" alt=\"\" class=\"wp-image-1785\" srcset=\"https:\/\/interaccioninformativa.mx\/wp-content\/uploads\/2025\/11\/operativo-sinaloa-guasimal-culiacan-16112025-1024x640.jpg 1024w, https:\/\/interaccioninformativa.mx\/wp-content\/uploads\/2025\/11\/operativo-sinaloa-guasimal-culiacan-16112025-300x188.jpg 300w, https:\/\/interaccioninformativa.mx\/wp-content\/uploads\/2025\/11\/operativo-sinaloa-guasimal-culiacan-16112025-768x480.jpg 768w, https:\/\/interaccioninformativa.mx\/wp-content\/uploads\/2025\/11\/operativo-sinaloa-guasimal-culiacan-16112025.jpg 1200w\" sizes=\"auto, (max-width: 1024px) 100vw, 1024px\" \/><\/figure>\n\n\n\n<p>Autoridades localizaron los cuerpos de cinco personas armadas en la comunidad de El Guasimal, municipio de Culiac\u00e1n, tras un enfrentamiento entre civiles armados.<\/p>\n\n\n\n<p>El hecho desencaden\u00f3 un operativo terrestre y a\u00e9reo del Grupo Interinstitucional (Ej\u00e9rcito Mexicano, Guardia Nacional, Marina, Fiscal\u00eda General de la Rep\u00fablica, Fiscal\u00eda estatal y Polic\u00eda Estatal).<\/p>\n\n\n\n<p>Durante la intervenci\u00f3n fueron detenidos nueve civiles armados y se aseguraron:<\/p>\n\n\n\n<ul class=\"wp-block-list\">\n<li>23 armas largas, entre ellas dos ametralladoras (una Minimi 5.56 mm y una Ordinance 7.62 mm)<\/li>\n\n\n\n<li>174 cargadores y m\u00e1s de 3,200 cartuchos \u00fatiles de diferentes calibres<\/li>\n\n\n\n<li>18 chalecos t\u00e1cticos con placas bal\u00edsticas<\/li>\n\n\n\n<li>Tres veh\u00edculos, dos de ellos con blindaje artesanal<\/li>\n<\/ul>\n\n\n\n<p>Cuatro de los occisos se encontraban dentro de dos camionetas con las puertas abiertas; el quinto cuerpo fue hallado m\u00e1s adelante en el recorrido. Todos portaban armas largas y, seg\u00fan las primeras indagatorias, perdieron la vida durante el enfrentamiento entre grupos rivales.<\/p>\n\n\n\n<p>Los nueve detenidos, el armamento, los veh\u00edculos y dem\u00e1s indicios quedaron a disposici\u00f3n del Ministerio P\u00fablico Federal para continuar las investigaciones.<\/p>\n","protected":false},"excerpt":{"rendered":"<div class=\"mh-excerpt\"><p>Autoridades localizaron los cuerpos de cinco personas armadas en la comunidad de El Guasimal, municipio de Culiac\u00e1n, tras un enfrentamiento entre civiles armados. El hecho <a class=\"mh-excerpt-more\" href=\"https:\/\/interaccioninformativa.mx\/index.php\/2025\/11\/16\/cinco-muertos-y-nueve-detenidos-en-enfrentamiento-en-culiacan\/\" title=\"Cinco muertos y nueve detenidos en enfrentamiento en Culiac\u00e1n\">[&#8230;]<\/a><\/p>\n<\/div>","protected":false},"author":1,"featured_media":1785,"comment_status":"open","ping_status":"closed","sticky":false,"template":"","format":"standard","meta":{"footnotes":""},"categories":[1],"tags":[],"class_list":["post-1784","post","type-post","status-publish","format-standard","has-post-thumbnail","hentry","category-noticias"],"_links":{"self":[{"href":"https:\/\/interaccioninformativa.mx\/index.php\/wp-json\/wp\/v2\/posts\/1784","targetHints":{"allow":["GET"]}}],"collection":[{"href":"https:\/\/interaccioninformativa.mx\/index.php\/wp-json\/wp\/v2\/posts"}],"about":[{"href":"https:\/\/interaccioninformativa.mx\/index.php\/wp-json\/wp\/v2\/types\/post"}],"author":[{"embeddable":true,"href":"https:\/\/interaccioninformativa.mx\/index.php\/wp-json\/wp\/v2\/users\/1"}],"replies":[{"embeddable":true,"href":"https:\/\/interaccioninformativa.mx\/index.php\/wp-json\/wp\/v2\/comments?post=1784"}],"version-history":[{"count":1,"href":"https:\/\/interaccioninformativa.mx\/index.php\/wp-json\/wp\/v2\/posts\/1784\/revisions"}],"predecessor-version":[{"id":1786,"href":"https:\/\/interaccioninformativa.mx\/index.php\/wp-json\/wp\/v2\/posts\/1784\/revisions\/1786"}],"wp:featuredmedia":[{"embeddable":true,"href":"https:\/\/interaccioninformativa.mx\/index.php\/wp-json\/wp\/v2\/media\/1785"}],"wp:attachment":[{"href":"https:\/\/interaccioninformativa.mx\/index.php\/wp-json\/wp\/v2\/media?parent=1784"}],"wp:term":[{"taxonomy":"category","embeddable":true,"href":"https:\/\/interaccioninformativa.mx\/index.php\/wp-json\/wp\/v2\/categories?post=1784"},{"taxonomy":"post_tag","embeddable":true,"href":"https:\/\/interaccioninformativa.mx\/index.php\/wp-json\/wp\/v2\/tags?post=1784"}],"curies":[{"name":"wp","href":"https:\/\/api.w.org\/{rel}","templated":true}]}}