{"id":1787,"date":"2025-11-16T19:29:12","date_gmt":"2025-11-16T19:29:12","guid":{"rendered":"https:\/\/interaccioninformativa.mx\/?p=1787"},"modified":"2025-11-18T19:29:32","modified_gmt":"2025-11-18T19:29:32","slug":"enfrentamientos-en-el-zocalo-protestas-contra-la-violencia-en-mexico-dejan-al-menos-120-heridos","status":"publish","type":"post","link":"https:\/\/interaccioninformativa.mx\/index.php\/2025\/11\/16\/enfrentamientos-en-el-zocalo-protestas-contra-la-violencia-en-mexico-dejan-al-menos-120-heridos\/","title":{"rendered":"Enfrentamientos en el Z\u00f3calo: protestas contra la violencia en M\u00e9xico dejan al menos 120 heridos"},"content":{"rendered":"\n<figure class=\"wp-block-image size-full\"><img loading=\"lazy\" decoding=\"async\" width=\"800\" height=\"449\" src=\"https:\/\/interaccioninformativa.mx\/wp-content\/uploads\/2025\/11\/fa9c0780-c2a4-11f0-bcb7-a1e9003883eb.jpg.webp\" alt=\"\" class=\"wp-image-1788\" srcset=\"https:\/\/interaccioninformativa.mx\/wp-content\/uploads\/2025\/11\/fa9c0780-c2a4-11f0-bcb7-a1e9003883eb.jpg.webp 800w, https:\/\/interaccioninformativa.mx\/wp-content\/uploads\/2025\/11\/fa9c0780-c2a4-11f0-bcb7-a1e9003883eb.jpg-300x168.webp 300w, https:\/\/interaccioninformativa.mx\/wp-content\/uploads\/2025\/11\/fa9c0780-c2a4-11f0-bcb7-a1e9003883eb.jpg-768x431.webp 768w, https:\/\/interaccioninformativa.mx\/wp-content\/uploads\/2025\/11\/fa9c0780-c2a4-11f0-bcb7-a1e9003883eb.jpg-678x381.webp 678w\" sizes=\"auto, (max-width: 800px) 100vw, 800px\" \/><\/figure>\n\n\n\n<p>Manifestantes que exig\u00edan un alto a la violencia e inseguridad en el pa\u00eds chocaron con elementos de seguridad frente al Palacio Nacional en Ciudad de M\u00e9xico. El saldo preliminar es de al menos 120 personas lesionadas, entre civiles y polic\u00edas.<\/p>\n\n\n\n<p>La protesta, convocada por familiares de v\u00edctimas y colectivos, deriv\u00f3 en disturbios cuando un grupo intent\u00f3 derribar las vallas de protecci\u00f3n del recinto. Las fuerzas de seguridad respondieron con gases lacrim\u00f3genos y chorros de agua; los manifestantes lanzaron petardos, piedras y bombas molotov.<\/p>\n\n\n\n<p>Entre los heridos hay reporteros, fot\u00f3grafos y civiles con contusiones, quemaduras y afectaciones por gas. Varios requirieron traslado hospitalario.<\/p>\n\n\n\n<p>Hasta el momento no se reportan detenidos ni fallecidos.<\/p>\n","protected":false},"excerpt":{"rendered":"<div class=\"mh-excerpt\"><p>Manifestantes que exig\u00edan un alto a la violencia e inseguridad en el pa\u00eds chocaron con elementos de seguridad frente al Palacio Nacional en Ciudad de <a class=\"mh-excerpt-more\" href=\"https:\/\/interaccioninformativa.mx\/index.php\/2025\/11\/16\/enfrentamientos-en-el-zocalo-protestas-contra-la-violencia-en-mexico-dejan-al-menos-120-heridos\/\" title=\"Enfrentamientos en el Z\u00f3calo: protestas contra la violencia en M\u00e9xico dejan al menos 120 heridos\">[&#8230;]<\/a><\/p>\n<\/div>","protected":false},"author":1,"featured_media":1788,"comment_status":"open","ping_status":"closed","sticky":false,"template":"","format":"standard","meta":{"footnotes":""},"categories":[1],"tags":[],"class_list":["post-1787","post","type-post","status-publish","format-standard","has-post-thumbnail","hentry","category-noticias"],"_links":{"self":[{"href":"https:\/\/interaccioninformativa.mx\/index.php\/wp-json\/wp\/v2\/posts\/1787","targetHints":{"allow":["GET"]}}],"collection":[{"href":"https:\/\/interaccioninformativa.mx\/index.php\/wp-json\/wp\/v2\/posts"}],"about":[{"href":"https:\/\/interaccioninformativa.mx\/index.php\/wp-json\/wp\/v2\/types\/post"}],"author":[{"embeddable":true,"href":"https:\/\/interaccioninformativa.mx\/index.php\/wp-json\/wp\/v2\/users\/1"}],"replies":[{"embeddable":true,"href":"https:\/\/interaccioninformativa.mx\/index.php\/wp-json\/wp\/v2\/comments?post=1787"}],"version-history":[{"count":1,"href":"https:\/\/interaccioninformativa.mx\/index.php\/wp-json\/wp\/v2\/posts\/1787\/revisions"}],"predecessor-version":[{"id":1789,"href":"https:\/\/interaccioninformativa.mx\/index.php\/wp-json\/wp\/v2\/posts\/1787\/revisions\/1789"}],"wp:featuredmedia":[{"embeddable":true,"href":"https:\/\/interaccioninformativa.mx\/index.php\/wp-json\/wp\/v2\/media\/1788"}],"wp:attachment":[{"href":"https:\/\/interaccioninformativa.mx\/index.php\/wp-json\/wp\/v2\/media?parent=1787"}],"wp:term":[{"taxonomy":"category","embeddable":true,"href":"https:\/\/interaccioninformativa.mx\/index.php\/wp-json\/wp\/v2\/categories?post=1787"},{"taxonomy":"post_tag","embeddable":true,"href":"https:\/\/interaccioninformativa.mx\/index.php\/wp-json\/wp\/v2\/tags?post=1787"}],"curies":[{"name":"wp","href":"https:\/\/api.w.org\/{rel}","templated":true}]}}