{"id":1790,"date":"2025-11-16T19:31:25","date_gmt":"2025-11-16T19:31:25","guid":{"rendered":"https:\/\/interaccioninformativa.mx\/?p=1790"},"modified":"2025-11-18T19:46:14","modified_gmt":"2025-11-18T19:46:14","slug":"jovenes-de-la-generacion-z-marchan-en-oaxaca-queremos-un-mexico-seguro","status":"publish","type":"post","link":"https:\/\/interaccioninformativa.mx\/index.php\/2025\/11\/16\/jovenes-de-la-generacion-z-marchan-en-oaxaca-queremos-un-mexico-seguro\/","title":{"rendered":"J\u00f3venes de la Generaci\u00f3n Z marchan en Oaxaca: \u201cQueremos un M\u00e9xico seguro\u201d"},"content":{"rendered":"\n<figure class=\"wp-block-image size-large\"><img loading=\"lazy\" decoding=\"async\" width=\"1024\" height=\"640\" src=\"https:\/\/interaccioninformativa.mx\/wp-content\/uploads\/2025\/11\/oaxaca-marcha-generacion-z-161125-1-1024x640.jpg\" alt=\"\" class=\"wp-image-1791\" srcset=\"https:\/\/interaccioninformativa.mx\/wp-content\/uploads\/2025\/11\/oaxaca-marcha-generacion-z-161125-1-1024x640.jpg 1024w, https:\/\/interaccioninformativa.mx\/wp-content\/uploads\/2025\/11\/oaxaca-marcha-generacion-z-161125-1-300x188.jpg 300w, https:\/\/interaccioninformativa.mx\/wp-content\/uploads\/2025\/11\/oaxaca-marcha-generacion-z-161125-1-768x480.jpg 768w, https:\/\/interaccioninformativa.mx\/wp-content\/uploads\/2025\/11\/oaxaca-marcha-generacion-z-161125-1.jpg 1200w\" sizes=\"auto, (max-width: 1024px) 100vw, 1024px\" \/><\/figure>\n\n\n\n<p>Cientos de adolescentes y veintea\u00f1eros tomaron las calles del centro de Oaxaca este martes bajo el lema \u201cQueremos un M\u00e9xico seguro\u201d. La protesta, organizada por estudiantes y colectivos juveniles, exigi\u00f3 un alto a la violencia, desapariciones y extorsiones que azotan al estado y al pa\u00eds.<\/p>\n\n\n\n<p>Con pancartas que dec\u00edan \u201cNo m\u00e1s balas, s\u00ed a la escuela\u201d y \u201cBasta de miedo\u201d, los manifestantes partieron del Z\u00f3calo hacia el Congreso local. Corearon consignas contra la impunidad y pidieron pol\u00edticas reales de seguridad, m\u00e1s oportunidades laborales y el fin de la influencia del narco en comunidades.<\/p>\n\n\n\n<p>\u201cYa no queremos crecer con miedo. Es nuestro futuro el que est\u00e1 en juego\u201d, declar\u00f3 una de las organizadoras, estudiante de 19 a\u00f1os.<\/p>\n\n\n\n<p>La marcha transcurri\u00f3 pac\u00edficamente y concluy\u00f3 con un mitin frente al Palacio de Gobierno.<\/p>\n","protected":false},"excerpt":{"rendered":"<div class=\"mh-excerpt\"><p>Cientos de adolescentes y veintea\u00f1eros tomaron las calles del centro de Oaxaca este martes bajo el lema \u201cQueremos un M\u00e9xico seguro\u201d. La protesta, organizada por <a class=\"mh-excerpt-more\" href=\"https:\/\/interaccioninformativa.mx\/index.php\/2025\/11\/16\/jovenes-de-la-generacion-z-marchan-en-oaxaca-queremos-un-mexico-seguro\/\" title=\"J\u00f3venes de la Generaci\u00f3n Z marchan en Oaxaca: \u201cQueremos un M\u00e9xico seguro\u201d\">[&#8230;]<\/a><\/p>\n<\/div>","protected":false},"author":1,"featured_media":1791,"comment_status":"open","ping_status":"closed","sticky":false,"template":"","format":"standard","meta":{"footnotes":""},"categories":[1],"tags":[],"class_list":["post-1790","post","type-post","status-publish","format-standard","has-post-thumbnail","hentry","category-noticias"],"_links":{"self":[{"href":"https:\/\/interaccioninformativa.mx\/index.php\/wp-json\/wp\/v2\/posts\/1790","targetHints":{"allow":["GET"]}}],"collection":[{"href":"https:\/\/interaccioninformativa.mx\/index.php\/wp-json\/wp\/v2\/posts"}],"about":[{"href":"https:\/\/interaccioninformativa.mx\/index.php\/wp-json\/wp\/v2\/types\/post"}],"author":[{"embeddable":true,"href":"https:\/\/interaccioninformativa.mx\/index.php\/wp-json\/wp\/v2\/users\/1"}],"replies":[{"embeddable":true,"href":"https:\/\/interaccioninformativa.mx\/index.php\/wp-json\/wp\/v2\/comments?post=1790"}],"version-history":[{"count":1,"href":"https:\/\/interaccioninformativa.mx\/index.php\/wp-json\/wp\/v2\/posts\/1790\/revisions"}],"predecessor-version":[{"id":1792,"href":"https:\/\/interaccioninformativa.mx\/index.php\/wp-json\/wp\/v2\/posts\/1790\/revisions\/1792"}],"wp:featuredmedia":[{"embeddable":true,"href":"https:\/\/interaccioninformativa.mx\/index.php\/wp-json\/wp\/v2\/media\/1791"}],"wp:attachment":[{"href":"https:\/\/interaccioninformativa.mx\/index.php\/wp-json\/wp\/v2\/media?parent=1790"}],"wp:term":[{"taxonomy":"category","embeddable":true,"href":"https:\/\/interaccioninformativa.mx\/index.php\/wp-json\/wp\/v2\/categories?post=1790"},{"taxonomy":"post_tag","embeddable":true,"href":"https:\/\/interaccioninformativa.mx\/index.php\/wp-json\/wp\/v2\/tags?post=1790"}],"curies":[{"name":"wp","href":"https:\/\/api.w.org\/{rel}","templated":true}]}}