{"id":1793,"date":"2025-11-17T19:36:50","date_gmt":"2025-11-17T19:36:50","guid":{"rendered":"https:\/\/interaccioninformativa.mx\/?p=1793"},"modified":"2025-11-18T19:37:02","modified_gmt":"2025-11-18T19:37:02","slug":"en-medio-de-acusaciones-por-el-caso-epstein-trump-se-pronuncia-sobre-mexico","status":"publish","type":"post","link":"https:\/\/interaccioninformativa.mx\/index.php\/2025\/11\/17\/en-medio-de-acusaciones-por-el-caso-epstein-trump-se-pronuncia-sobre-mexico\/","title":{"rendered":"En medio de acusaciones por el caso Epstein, Trump se pronuncia sobre M\u00e9xico."},"content":{"rendered":"\n<figure class=\"wp-block-image size-full\"><img loading=\"lazy\" decoding=\"async\" width=\"800\" height=\"600\" src=\"https:\/\/interaccioninformativa.mx\/wp-content\/uploads\/2025\/11\/En-medio-de-acusaciones-por-el-caso-Epstein-Trump-se-pronuncia-sobre-Mexico.jpg\" alt=\"\" class=\"wp-image-1794\" srcset=\"https:\/\/interaccioninformativa.mx\/wp-content\/uploads\/2025\/11\/En-medio-de-acusaciones-por-el-caso-Epstein-Trump-se-pronuncia-sobre-Mexico.jpg 800w, https:\/\/interaccioninformativa.mx\/wp-content\/uploads\/2025\/11\/En-medio-de-acusaciones-por-el-caso-Epstein-Trump-se-pronuncia-sobre-Mexico-300x225.jpg 300w, https:\/\/interaccioninformativa.mx\/wp-content\/uploads\/2025\/11\/En-medio-de-acusaciones-por-el-caso-Epstein-Trump-se-pronuncia-sobre-Mexico-768x576.jpg 768w, https:\/\/interaccioninformativa.mx\/wp-content\/uploads\/2025\/11\/En-medio-de-acusaciones-por-el-caso-Epstein-Trump-se-pronuncia-sobre-Mexico-678x509.jpg 678w, https:\/\/interaccioninformativa.mx\/wp-content\/uploads\/2025\/11\/En-medio-de-acusaciones-por-el-caso-Epstein-Trump-se-pronuncia-sobre-Mexico-326x245.jpg 326w, https:\/\/interaccioninformativa.mx\/wp-content\/uploads\/2025\/11\/En-medio-de-acusaciones-por-el-caso-Epstein-Trump-se-pronuncia-sobre-Mexico-80x60.jpg 80w\" sizes=\"auto, (max-width: 800px) 100vw, 800px\" \/><\/figure>\n\n\n\n<p>Mientras la<strong>&nbsp;C\u00e1mara&nbsp;de Representantes<\/strong>&nbsp;contin\u00faa con una serie de<strong>&nbsp;votaciones internas<\/strong>&nbsp;relacionadas con las nuevas investigaciones del denominado caso&nbsp;<strong>Epstein,<\/strong>&nbsp;el ambiente pol\u00edtico en&nbsp;<strong>Washington<\/strong>&nbsp;se mantiene tenso y profundamente polarizado.<\/p>\n\n\n\n<p>El presidente<strong>&nbsp;Donald Trump<\/strong>&nbsp;inst\u00f3 a los republicanos a respaldar la medida, tras semanas de intentar frenar la votaci\u00f3n. En redes sociales, Trump afirm\u00f3 que&nbsp;<strong>\u201cno hay nada que ocultar\u201d<\/strong>&nbsp;y defendi\u00f3 la publicaci\u00f3n de los documentos, en un giro inesperado que ha generado divisiones dentro de su propio partido.<\/p>\n\n\n\n<h4 class=\"wp-block-heading\"><strong>Trump se pronuncia sobre M\u00e9xico en reuni\u00f3n&nbsp;<\/strong><\/h4>\n\n\n\n<p>Por otro lado, el presidente de<a href=\"https:\/\/noticias.imer.mx\/blog\/elecciones-clave-jara-y-kast-a-segunda-vuelta-en-chile-ecuador-dice-no-a-bases-militares-de-eu\/\"><strong>&nbsp;Estados Unidos<\/strong><\/a>,&nbsp;<strong>Donald Trump<\/strong>, cuestion\u00f3 nuevamente la estrategia del gobierno mexicano contra el narcotr\u00e1fico y advirti\u00f3 que, aunque no contempla por ahora una&nbsp;<strong>acci\u00f3n militar<\/strong>&nbsp;en&nbsp;<strong>territorio<\/strong>&nbsp;<strong>nacional<\/strong>, podr\u00eda hacerlo si lo considera necesario.<\/p>\n\n\n\n<p>Desde la Oficina Oval,&nbsp;<strong>Trump<\/strong>&nbsp;declar\u00f3 que \u201cno est\u00e1 contento con lo que est\u00e1 haciendo el gobierno de la presidente&nbsp;<strong>Claudia Sheinbaum<\/strong>&nbsp;en contra del narcotr\u00e1fico\u201d, al ser interrogado sobre la posibilidad de que Estados Unidos emprenda ataques directos dentro de&nbsp;<strong>M\u00e9xico<\/strong>.<\/p>\n\n\n\n<p>Ante la pregunta de si su administraci\u00f3n considerar\u00eda esa opci\u00f3n, respondi\u00f3:<\/p>\n\n\n\n<blockquote class=\"wp-block-quote is-layout-flow wp-block-quote-is-layout-flow\">\n<p>\u201cPor m\u00ed est\u00e1 bien. Har\u00eda lo sea para detener las drogas.. M\u00e9xico es\u2026 Mira, vi lo que pas\u00f3 en Ciudad de M\u00e9xico el fin de semana, tienen problemas ah\u00ed. Si tuvi\u00e9ramos que hacer algo, har\u00edamos lo mismo que en las rutas mar\u00edtimas. Ya casi no nos llegan drogas por r\u00edos y arroyos. \u00bfNo disminuy\u00f3 en 85 por ciento?<\/p>\n\n\n\n<p>He hablado con M\u00e9xico, saben cu\u00e1l es mi posici\u00f3n. Hemos perdido a cientos de miles de personas por las drogas, por eso cerramos las rutas mar\u00edtimas.<\/p>\n\n\n\n<p>Sin embargo, conocemos cada ruta, sabemos la direcci\u00f3n de cada narcotraficante, conocemos su direcci\u00f3n y el frente de su casa; sabemos todo sobre cada uno de ellos\u201d.<\/p>\n<\/blockquote>\n\n\n\n<p>No es la primera ocasi\u00f3n en que el presidente estadounidense insin\u00faa ataques dentro de&nbsp;<strong>M\u00e9xico<\/strong>&nbsp;ni tampoco la primera en la que \u00e9l no descarta esa posibilidad.<\/p>\n\n\n\n<p>Ante estas constantes declaraciones, el Gobierno de M\u00e9xico insiste en que cualquier operaci\u00f3n debe respetar su&nbsp;<strong>soberan\u00eda<\/strong>&nbsp;y la&nbsp;<strong>cooperaci\u00f3n<\/strong>&nbsp;<strong>bilateral<\/strong>&nbsp;vigente.<\/p>\n\n\n\n<h4 class=\"wp-block-heading\"><strong>Trump rechaza relaci\u00f3n con Jeffrey Epstein<\/strong><\/h4>\n\n\n\n<p>Durante la reuni\u00f3n con representantes de la&nbsp;<a href=\"https:\/\/x.com\/FIFAWorldCup\"><strong>FIFA<\/strong><\/a>, el presidente de Estados Unidos, Donald Trump, se deslind\u00f3 p\u00fablicamente de cualquier relaci\u00f3n con&nbsp;<strong>Jeffrey Epstein<\/strong>.<\/p>\n\n\n\n<blockquote class=\"wp-block-quote is-layout-flow wp-block-quote-is-layout-flow\">\n<p>\u201cEsto es lo que quiero. No tenemos nada que ver con Epstein, Los dem\u00f3cratas s\u00ed. Todos sus amigos eran dem\u00f3cratas. Nosotros hemos hecho un gran trabajo. Y me da mucha pena que eso desv\u00ede la atenci\u00f3n del gran trabajo que hemos hecho. As\u00ed que estoy totalmente a favor, nosotros hemos entregado 50 mil p\u00e1ginas, as\u00ed que estoy a favor. Pueden hacer lo que quieran, les daremos todo\u201d.<\/p>\n<\/blockquote>\n\n\n\n<p>El mandatario insisti\u00f3 en que no tiene conexi\u00f3n alguna con las actividades il\u00edcitas por las que&nbsp;<strong>Epstein<\/strong>&nbsp;fue investigado, y subray\u00f3 que su gobierno ha impulsado&nbsp;<strong>acciones m\u00e1s estrictas<\/strong>&nbsp;contra este tipo de crimen.<\/p>\n","protected":false},"excerpt":{"rendered":"<div class=\"mh-excerpt\"><p>Mientras la&nbsp;C\u00e1mara&nbsp;de Representantes&nbsp;contin\u00faa con una serie de&nbsp;votaciones internas&nbsp;relacionadas con las nuevas investigaciones del denominado caso&nbsp;Epstein,&nbsp;el ambiente pol\u00edtico en&nbsp;Washington&nbsp;se mantiene tenso y profundamente polarizado. El presidente&nbsp;Donald <a class=\"mh-excerpt-more\" href=\"https:\/\/interaccioninformativa.mx\/index.php\/2025\/11\/17\/en-medio-de-acusaciones-por-el-caso-epstein-trump-se-pronuncia-sobre-mexico\/\" title=\"En medio de acusaciones por el caso Epstein, Trump se pronuncia sobre M\u00e9xico.\">[&#8230;]<\/a><\/p>\n<\/div>","protected":false},"author":1,"featured_media":1794,"comment_status":"open","ping_status":"closed","sticky":false,"template":"","format":"standard","meta":{"footnotes":""},"categories":[1],"tags":[],"class_list":["post-1793","post","type-post","status-publish","format-standard","has-post-thumbnail","hentry","category-noticias"],"_links":{"self":[{"href":"https:\/\/interaccioninformativa.mx\/index.php\/wp-json\/wp\/v2\/posts\/1793","targetHints":{"allow":["GET"]}}],"collection":[{"href":"https:\/\/interaccioninformativa.mx\/index.php\/wp-json\/wp\/v2\/posts"}],"about":[{"href":"https:\/\/interaccioninformativa.mx\/index.php\/wp-json\/wp\/v2\/types\/post"}],"author":[{"embeddable":true,"href":"https:\/\/interaccioninformativa.mx\/index.php\/wp-json\/wp\/v2\/users\/1"}],"replies":[{"embeddable":true,"href":"https:\/\/interaccioninformativa.mx\/index.php\/wp-json\/wp\/v2\/comments?post=1793"}],"version-history":[{"count":1,"href":"https:\/\/interaccioninformativa.mx\/index.php\/wp-json\/wp\/v2\/posts\/1793\/revisions"}],"predecessor-version":[{"id":1795,"href":"https:\/\/interaccioninformativa.mx\/index.php\/wp-json\/wp\/v2\/posts\/1793\/revisions\/1795"}],"wp:featuredmedia":[{"embeddable":true,"href":"https:\/\/interaccioninformativa.mx\/index.php\/wp-json\/wp\/v2\/media\/1794"}],"wp:attachment":[{"href":"https:\/\/interaccioninformativa.mx\/index.php\/wp-json\/wp\/v2\/media?parent=1793"}],"wp:term":[{"taxonomy":"category","embeddable":true,"href":"https:\/\/interaccioninformativa.mx\/index.php\/wp-json\/wp\/v2\/categories?post=1793"},{"taxonomy":"post_tag","embeddable":true,"href":"https:\/\/interaccioninformativa.mx\/index.php\/wp-json\/wp\/v2\/tags?post=1793"}],"curies":[{"name":"wp","href":"https:\/\/api.w.org\/{rel}","templated":true}]}}