{"id":1797,"date":"2025-11-17T19:42:13","date_gmt":"2025-11-17T19:42:13","guid":{"rendered":"https:\/\/interaccioninformativa.mx\/?p=1797"},"modified":"2025-11-18T19:43:46","modified_gmt":"2025-11-18T19:43:46","slug":"a-la-sombra-claudia-sheinbaum","status":"publish","type":"post","link":"https:\/\/interaccioninformativa.mx\/index.php\/2025\/11\/17\/a-la-sombra-claudia-sheinbaum\/","title":{"rendered":"A la sombra: Claudia Sheinbaum"},"content":{"rendered":"\n<figure class=\"wp-block-image size-large\"><img loading=\"lazy\" decoding=\"async\" width=\"1024\" height=\"1024\" src=\"https:\/\/interaccioninformativa.mx\/wp-content\/uploads\/2025\/11\/2AQLBY6N7JEOXHX73X5CDI35L4-1024x1024.avif\" alt=\"\" class=\"wp-image-1798\" srcset=\"https:\/\/interaccioninformativa.mx\/wp-content\/uploads\/2025\/11\/2AQLBY6N7JEOXHX73X5CDI35L4-1024x1024.avif 1024w, https:\/\/interaccioninformativa.mx\/wp-content\/uploads\/2025\/11\/2AQLBY6N7JEOXHX73X5CDI35L4-300x300.avif 300w, https:\/\/interaccioninformativa.mx\/wp-content\/uploads\/2025\/11\/2AQLBY6N7JEOXHX73X5CDI35L4-150x150.avif 150w, https:\/\/interaccioninformativa.mx\/wp-content\/uploads\/2025\/11\/2AQLBY6N7JEOXHX73X5CDI35L4-768x768.avif 768w, https:\/\/interaccioninformativa.mx\/wp-content\/uploads\/2025\/11\/2AQLBY6N7JEOXHX73X5CDI35L4.avif 1200w\" sizes=\"auto, (max-width: 1024px) 100vw, 1024px\" \/><\/figure>\n\n\n\n<p>Desde que asumi\u00f3 la presidencia, Claudia Sheinbaum gobierna bajo el peso abrumador de Andr\u00e9s Manuel L\u00f3pez Obrador. Sus decisiones, discursos y hasta el tono de voz parecen calcados del expresidente, quien, aunque ya no ocupa el cargo, sigue marcando la agenda desde Palacio Nacional y desde sus ma\u00f1aneras paralelas.<\/p>\n\n\n\n<p>Lejos de consolidar un liderazgo propio, la primera presidenta de M\u00e9xico se mueve como una extensi\u00f3n del obradorismo puro: defiende las mismas obras cuestionadas, repite los mismos enemigos y evita cualquier ruptura visible con el tabasquense. Sus aliados lo celebran como \u201ccontinuidad\u201d; sus cr\u00edticos lo llaman subordinaci\u00f3n.<\/p>\n\n\n\n<p>En los pasillos del poder y en las redes, la frase se repite: Sheinbaum no preside, sobrevive a la sombra del jefe m\u00e1ximo. Y mientras esa sombra siga tan alargada, el pa\u00eds tendr\u00e1 dos presidentes\u2026 pero solo uno manda.<\/p>\n","protected":false},"excerpt":{"rendered":"<div class=\"mh-excerpt\"><p>Desde que asumi\u00f3 la presidencia, Claudia Sheinbaum gobierna bajo el peso abrumador de Andr\u00e9s Manuel L\u00f3pez Obrador. Sus decisiones, discursos y hasta el tono de <a class=\"mh-excerpt-more\" href=\"https:\/\/interaccioninformativa.mx\/index.php\/2025\/11\/17\/a-la-sombra-claudia-sheinbaum\/\" title=\"A la sombra: Claudia Sheinbaum\">[&#8230;]<\/a><\/p>\n<\/div>","protected":false},"author":1,"featured_media":1798,"comment_status":"open","ping_status":"closed","sticky":false,"template":"","format":"standard","meta":{"footnotes":""},"categories":[1],"tags":[],"class_list":["post-1797","post","type-post","status-publish","format-standard","has-post-thumbnail","hentry","category-noticias"],"_links":{"self":[{"href":"https:\/\/interaccioninformativa.mx\/index.php\/wp-json\/wp\/v2\/posts\/1797","targetHints":{"allow":["GET"]}}],"collection":[{"href":"https:\/\/interaccioninformativa.mx\/index.php\/wp-json\/wp\/v2\/posts"}],"about":[{"href":"https:\/\/interaccioninformativa.mx\/index.php\/wp-json\/wp\/v2\/types\/post"}],"author":[{"embeddable":true,"href":"https:\/\/interaccioninformativa.mx\/index.php\/wp-json\/wp\/v2\/users\/1"}],"replies":[{"embeddable":true,"href":"https:\/\/interaccioninformativa.mx\/index.php\/wp-json\/wp\/v2\/comments?post=1797"}],"version-history":[{"count":2,"href":"https:\/\/interaccioninformativa.mx\/index.php\/wp-json\/wp\/v2\/posts\/1797\/revisions"}],"predecessor-version":[{"id":1800,"href":"https:\/\/interaccioninformativa.mx\/index.php\/wp-json\/wp\/v2\/posts\/1797\/revisions\/1800"}],"wp:featuredmedia":[{"embeddable":true,"href":"https:\/\/interaccioninformativa.mx\/index.php\/wp-json\/wp\/v2\/media\/1798"}],"wp:attachment":[{"href":"https:\/\/interaccioninformativa.mx\/index.php\/wp-json\/wp\/v2\/media?parent=1797"}],"wp:term":[{"taxonomy":"category","embeddable":true,"href":"https:\/\/interaccioninformativa.mx\/index.php\/wp-json\/wp\/v2\/categories?post=1797"},{"taxonomy":"post_tag","embeddable":true,"href":"https:\/\/interaccioninformativa.mx\/index.php\/wp-json\/wp\/v2\/tags?post=1797"}],"curies":[{"name":"wp","href":"https:\/\/api.w.org\/{rel}","templated":true}]}}