{"id":1808,"date":"2025-11-18T19:57:10","date_gmt":"2025-11-18T19:57:10","guid":{"rendered":"https:\/\/interaccioninformativa.mx\/?p=1808"},"modified":"2025-11-18T19:57:10","modified_gmt":"2025-11-18T19:57:10","slug":"jovenes-construyendo-el-futuro-se-une-al-mundial-2026-con-el-programa-jovenes-embajadores","status":"publish","type":"post","link":"https:\/\/interaccioninformativa.mx\/index.php\/2025\/11\/18\/jovenes-construyendo-el-futuro-se-une-al-mundial-2026-con-el-programa-jovenes-embajadores\/","title":{"rendered":"J\u00f3venes Construyendo el Futuro se une al Mundial 2026 con el programa \u201cJ\u00f3venes Embajadores\u201d"},"content":{"rendered":"\n<figure class=\"wp-block-image size-full\"><img loading=\"lazy\" decoding=\"async\" width=\"745\" height=\"450\" src=\"https:\/\/interaccioninformativa.mx\/wp-content\/uploads\/2025\/11\/OK-Jovenes-Construyendo-El-Futuro-Mundial-2026-745x450-1.jpg\" alt=\"\" class=\"wp-image-1809\" srcset=\"https:\/\/interaccioninformativa.mx\/wp-content\/uploads\/2025\/11\/OK-Jovenes-Construyendo-El-Futuro-Mundial-2026-745x450-1.jpg 745w, https:\/\/interaccioninformativa.mx\/wp-content\/uploads\/2025\/11\/OK-Jovenes-Construyendo-El-Futuro-Mundial-2026-745x450-1-300x181.jpg 300w\" sizes=\"auto, (max-width: 745px) 100vw, 745px\" \/><\/figure>\n\n\n\n<p>El programa federal J\u00f3venes Construyendo el Futuro lanz\u00f3 la iniciativa \u201cJ\u00f3venes Embajadores en el Mundial\u201d para involucrar a miles de sus beneficiarios en la organizaci\u00f3n y atenci\u00f3n del Mundial M\u00e9xico-Canad\u00e1-Estados Unidos 2026.<\/p>\n\n\n\n<p>Los participantes recibir\u00e1n capacitaci\u00f3n en idiomas, hospitalidad, log\u00edstica y atenci\u00f3n al turista, y podr\u00e1n trabajar como voluntarios o personal auxiliar en las sedes mexicanas: Ciudad de M\u00e9xico, Guadalajara y Monterrey.<\/p>\n\n\n\n<p>\u201cQueremos que los j\u00f3venes sean los verdaderos anfitriones del Mundial y que esto les abra puertas laborales permanentes\u201d, se\u00f1al\u00f3 la secretaria del Trabajo, Marath Bola\u00f1os.<\/p>\n\n\n\n<p>Las inscripciones inician en diciembre 2025 y se priorizar\u00e1 a quienes ya est\u00e1n activos en el programa. M\u00e9xico 2026 ser\u00e1 la primera Copa del Mundo con tres pa\u00edses anfitriones y 48 selecciones.<\/p>\n","protected":false},"excerpt":{"rendered":"<div class=\"mh-excerpt\"><p>El programa federal J\u00f3venes Construyendo el Futuro lanz\u00f3 la iniciativa \u201cJ\u00f3venes Embajadores en el Mundial\u201d para involucrar a miles de sus beneficiarios en la organizaci\u00f3n <a class=\"mh-excerpt-more\" href=\"https:\/\/interaccioninformativa.mx\/index.php\/2025\/11\/18\/jovenes-construyendo-el-futuro-se-une-al-mundial-2026-con-el-programa-jovenes-embajadores\/\" title=\"J\u00f3venes Construyendo el Futuro se une al Mundial 2026 con el programa \u201cJ\u00f3venes Embajadores\u201d\">[&#8230;]<\/a><\/p>\n<\/div>","protected":false},"author":1,"featured_media":1809,"comment_status":"open","ping_status":"closed","sticky":false,"template":"","format":"standard","meta":{"footnotes":""},"categories":[1],"tags":[],"class_list":["post-1808","post","type-post","status-publish","format-standard","has-post-thumbnail","hentry","category-noticias"],"_links":{"self":[{"href":"https:\/\/interaccioninformativa.mx\/index.php\/wp-json\/wp\/v2\/posts\/1808","targetHints":{"allow":["GET"]}}],"collection":[{"href":"https:\/\/interaccioninformativa.mx\/index.php\/wp-json\/wp\/v2\/posts"}],"about":[{"href":"https:\/\/interaccioninformativa.mx\/index.php\/wp-json\/wp\/v2\/types\/post"}],"author":[{"embeddable":true,"href":"https:\/\/interaccioninformativa.mx\/index.php\/wp-json\/wp\/v2\/users\/1"}],"replies":[{"embeddable":true,"href":"https:\/\/interaccioninformativa.mx\/index.php\/wp-json\/wp\/v2\/comments?post=1808"}],"version-history":[{"count":1,"href":"https:\/\/interaccioninformativa.mx\/index.php\/wp-json\/wp\/v2\/posts\/1808\/revisions"}],"predecessor-version":[{"id":1810,"href":"https:\/\/interaccioninformativa.mx\/index.php\/wp-json\/wp\/v2\/posts\/1808\/revisions\/1810"}],"wp:featuredmedia":[{"embeddable":true,"href":"https:\/\/interaccioninformativa.mx\/index.php\/wp-json\/wp\/v2\/media\/1809"}],"wp:attachment":[{"href":"https:\/\/interaccioninformativa.mx\/index.php\/wp-json\/wp\/v2\/media?parent=1808"}],"wp:term":[{"taxonomy":"category","embeddable":true,"href":"https:\/\/interaccioninformativa.mx\/index.php\/wp-json\/wp\/v2\/categories?post=1808"},{"taxonomy":"post_tag","embeddable":true,"href":"https:\/\/interaccioninformativa.mx\/index.php\/wp-json\/wp\/v2\/tags?post=1808"}],"curies":[{"name":"wp","href":"https:\/\/api.w.org\/{rel}","templated":true}]}}