{"id":1815,"date":"2025-11-19T16:54:59","date_gmt":"2025-11-19T16:54:59","guid":{"rendered":"https:\/\/interaccioninformativa.mx\/?p=1815"},"modified":"2025-11-19T16:54:59","modified_gmt":"2025-11-19T16:54:59","slug":"vinculan-a-proceso-a-tres-detenidos-en-la-marcha-gen-z-imponen-prision-preventiva-a-otros-cinco","status":"publish","type":"post","link":"https:\/\/interaccioninformativa.mx\/index.php\/2025\/11\/19\/vinculan-a-proceso-a-tres-detenidos-en-la-marcha-gen-z-imponen-prision-preventiva-a-otros-cinco\/","title":{"rendered":"Vinculan a proceso a tres detenidos en la marcha Gen Z; imponen prisi\u00f3n preventiva a otros cinco"},"content":{"rendered":"\n<figure class=\"wp-block-image size-large\"><img loading=\"lazy\" decoding=\"async\" width=\"1024\" height=\"683\" src=\"https:\/\/interaccioninformativa.mx\/wp-content\/uploads\/2025\/11\/vinculan-a-proceso-a-tres-por-marcha-de-gen-z-5-mas-piden-duplicidad-de-termino-constitucional_5d316015-60ad-4816-90e8-d6c351ba2e49_medialjnimgndimagefullsize-1-1024x683.webp\" alt=\"\" class=\"wp-image-1816\" srcset=\"https:\/\/interaccioninformativa.mx\/wp-content\/uploads\/2025\/11\/vinculan-a-proceso-a-tres-por-marcha-de-gen-z-5-mas-piden-duplicidad-de-termino-constitucional_5d316015-60ad-4816-90e8-d6c351ba2e49_medialjnimgndimagefullsize-1-1024x683.webp 1024w, https:\/\/interaccioninformativa.mx\/wp-content\/uploads\/2025\/11\/vinculan-a-proceso-a-tres-por-marcha-de-gen-z-5-mas-piden-duplicidad-de-termino-constitucional_5d316015-60ad-4816-90e8-d6c351ba2e49_medialjnimgndimagefullsize-1-300x200.webp 300w, https:\/\/interaccioninformativa.mx\/wp-content\/uploads\/2025\/11\/vinculan-a-proceso-a-tres-por-marcha-de-gen-z-5-mas-piden-duplicidad-de-termino-constitucional_5d316015-60ad-4816-90e8-d6c351ba2e49_medialjnimgndimagefullsize-1-768x512.webp 768w, https:\/\/interaccioninformativa.mx\/wp-content\/uploads\/2025\/11\/vinculan-a-proceso-a-tres-por-marcha-de-gen-z-5-mas-piden-duplicidad-de-termino-constitucional_5d316015-60ad-4816-90e8-d6c351ba2e49_medialjnimgndimagefullsize-1.webp 1200w\" sizes=\"auto, (max-width: 1024px) 100vw, 1024px\" \/><\/figure>\n\n\n\n<p>Un juez de control del Reclusorio Norte vincul\u00f3 a proceso a tres personas detenidas durante la marcha de la Generaci\u00f3n Z por los delitos de robo y lesiones, mientras que a otros cinco les impuso prisi\u00f3n preventiva oficiosa.<\/p>\n\n\n\n<p>En la audiencia inicial fueron presentados ocho imputados, detenidos el pasado s\u00e1bado durante la manifestaci\u00f3n. El juez calific\u00f3 de legal la detenci\u00f3n de todos ellos y dio paso a la imputaci\u00f3n presentada por la Fiscal\u00eda General de Justicia de la Ciudad de M\u00e9xico.<\/p>\n\n\n\n<p>Por robo y lesiones fueron vinculados a proceso Daniel David Rocha y Jos\u00e9 Luis Matus, a quienes se les impuso presentaci\u00f3n peri\u00f3dica cada 15 d\u00edas, por lo que continuar\u00e1n su proceso en libertad.<\/p>\n\n\n\n<p>Los otros cinco imputados solicitaron la duplicidad del t\u00e9rmino constitucional; en consecuencia, el juez les decret\u00f3 prisi\u00f3n preventiva oficiosa en tanto se reanuda la audiencia de vinculaci\u00f3n en los pr\u00f3ximos d\u00edas.<\/p>\n","protected":false},"excerpt":{"rendered":"<div class=\"mh-excerpt\"><p>Un juez de control del Reclusorio Norte vincul\u00f3 a proceso a tres personas detenidas durante la marcha de la Generaci\u00f3n Z por los delitos de <a class=\"mh-excerpt-more\" href=\"https:\/\/interaccioninformativa.mx\/index.php\/2025\/11\/19\/vinculan-a-proceso-a-tres-detenidos-en-la-marcha-gen-z-imponen-prision-preventiva-a-otros-cinco\/\" title=\"Vinculan a proceso a tres detenidos en la marcha Gen Z; imponen prisi\u00f3n preventiva a otros cinco\">[&#8230;]<\/a><\/p>\n<\/div>","protected":false},"author":1,"featured_media":1816,"comment_status":"open","ping_status":"closed","sticky":false,"template":"","format":"standard","meta":{"footnotes":""},"categories":[1],"tags":[],"class_list":["post-1815","post","type-post","status-publish","format-standard","has-post-thumbnail","hentry","category-noticias"],"_links":{"self":[{"href":"https:\/\/interaccioninformativa.mx\/index.php\/wp-json\/wp\/v2\/posts\/1815","targetHints":{"allow":["GET"]}}],"collection":[{"href":"https:\/\/interaccioninformativa.mx\/index.php\/wp-json\/wp\/v2\/posts"}],"about":[{"href":"https:\/\/interaccioninformativa.mx\/index.php\/wp-json\/wp\/v2\/types\/post"}],"author":[{"embeddable":true,"href":"https:\/\/interaccioninformativa.mx\/index.php\/wp-json\/wp\/v2\/users\/1"}],"replies":[{"embeddable":true,"href":"https:\/\/interaccioninformativa.mx\/index.php\/wp-json\/wp\/v2\/comments?post=1815"}],"version-history":[{"count":1,"href":"https:\/\/interaccioninformativa.mx\/index.php\/wp-json\/wp\/v2\/posts\/1815\/revisions"}],"predecessor-version":[{"id":1817,"href":"https:\/\/interaccioninformativa.mx\/index.php\/wp-json\/wp\/v2\/posts\/1815\/revisions\/1817"}],"wp:featuredmedia":[{"embeddable":true,"href":"https:\/\/interaccioninformativa.mx\/index.php\/wp-json\/wp\/v2\/media\/1816"}],"wp:attachment":[{"href":"https:\/\/interaccioninformativa.mx\/index.php\/wp-json\/wp\/v2\/media?parent=1815"}],"wp:term":[{"taxonomy":"category","embeddable":true,"href":"https:\/\/interaccioninformativa.mx\/index.php\/wp-json\/wp\/v2\/categories?post=1815"},{"taxonomy":"post_tag","embeddable":true,"href":"https:\/\/interaccioninformativa.mx\/index.php\/wp-json\/wp\/v2\/tags?post=1815"}],"curies":[{"name":"wp","href":"https:\/\/api.w.org\/{rel}","templated":true}]}}