{"id":1818,"date":"2025-11-19T16:58:02","date_gmt":"2025-11-19T16:58:02","guid":{"rendered":"https:\/\/interaccioninformativa.mx\/?p=1818"},"modified":"2025-11-19T16:58:02","modified_gmt":"2025-11-19T16:58:02","slug":"presidenta-de-morena-acusa-al-joven-que-convoco-la-marcha-gen-z-de-recibir-mas-de-2-millones-de-pesos-del-pan","status":"publish","type":"post","link":"https:\/\/interaccioninformativa.mx\/index.php\/2025\/11\/19\/presidenta-de-morena-acusa-al-joven-que-convoco-la-marcha-gen-z-de-recibir-mas-de-2-millones-de-pesos-del-pan\/","title":{"rendered":"Presidenta de Morena acusa al joven que convoc\u00f3 la marcha Gen Z de recibir m\u00e1s de 2 millones de pesos del PAN."},"content":{"rendered":"\n<figure class=\"wp-block-image size-full\"><img loading=\"lazy\" decoding=\"async\" width=\"960\" height=\"540\" src=\"https:\/\/interaccioninformativa.mx\/wp-content\/uploads\/2025\/11\/f960x540-130900_204975_5050.webp\" alt=\"\" class=\"wp-image-1819\" srcset=\"https:\/\/interaccioninformativa.mx\/wp-content\/uploads\/2025\/11\/f960x540-130900_204975_5050.webp 960w, https:\/\/interaccioninformativa.mx\/wp-content\/uploads\/2025\/11\/f960x540-130900_204975_5050-300x169.webp 300w, https:\/\/interaccioninformativa.mx\/wp-content\/uploads\/2025\/11\/f960x540-130900_204975_5050-768x432.webp 768w, https:\/\/interaccioninformativa.mx\/wp-content\/uploads\/2025\/11\/f960x540-130900_204975_5050-678x381.webp 678w\" sizes=\"auto, (max-width: 960px) 100vw, 960px\" \/><\/figure>\n\n\n\n<p>La presidenta nacional de Morena, Luisa Mar\u00eda Alcalde Luj\u00e1n, exhibi\u00f3 un contrato por m\u00e1s de 2 millones de pesos entre el PAN y Edson Andrade Lemus, el joven que convoc\u00f3 a la marcha de la Generaci\u00f3n Z, al asegurar que fue contratado por el partido opositor para estrategias digitales.<\/p>\n\n\n\n<p>En un mensaje difundido el martes en redes sociales, Alcalde comparti\u00f3 im\u00e1genes de un documento de seis p\u00e1ginas, firmado en febrero de 2025 entre el Comit\u00e9 Regional del PAN en la Ciudad de M\u00e9xico y Edson Sa\u00fal Andrade Lemus como persona f\u00edsica. El acuerdo, por un monto total de 2 millones 106 mil 810 pesos, establece pagos mensuales de 175 mil 577 pesos a cambio de \u00abestrategia digital y gesti\u00f3n de redes sociales para PAN CDMX\u00bb. Por el PAN firm\u00f3 \u00d3scar Ag\u00fcero Z\u00fa\u00f1iga, tesorero del partido en la capital.<\/p>\n\n\n\n<p>\u201cEl joven \u2018apartidista\u2019 Edson Andrade Lemus, principal impulsor de la marcha de la \u2018Generaci\u00f3n Z\u2019, fue contratado por el Partido Acci\u00f3n Nacional por dos millones 106 mil 810 pesos\u2026 Qu\u00e9 coincidencia\u201d, escribi\u00f3 Alcalde, quien calific\u00f3 la manifestaci\u00f3n como una operaci\u00f3n pol\u00edtica disfrazada de protesta juvenil. La revelaci\u00f3n se suma a las declaraciones previas de la presidenta Claudia Sheinbaum, quien el 13 de noviembre, durante su conferencia matutina, sugiri\u00f3 que la convocatoria fue impulsada por creadores de contenido ligados a la oposici\u00f3n y financiada por la \u00abderecha internacional\u00bb con hasta 90 millones de pesos.<\/p>\n\n\n\n<p>Andrade Lemus, por su parte, rechaz\u00f3 las acusaciones en un video publicado en sus redes, donde insisti\u00f3 en su independencia: \u201cNo tenemos colores, no tenemos l\u00edder y mucho menos financiamiento\u201d. Asegur\u00f3 no ser militante ni candidato de ning\u00fan partido y responsabiliz\u00f3 a la presidenta por exponerlo \u00abcomo si fuera un criminal\u00bb, advirtiendo sobre posibles riesgos a su seguridad. No ha emitido respuesta directa al contrato exhibido.<\/p>\n\n\n\n<p>La controversia ha avivado el debate sobre la autenticidad de la marcha del 15 de noviembre, que reuni\u00f3 a miles de j\u00f3venes en el Z\u00f3calo capitalino contra la violencia, la falta de oportunidades y pol\u00edticas del gobierno de Sheinbaum, con consignas como \u201c\u00a1Fuera Morena!\u201d y \u201c\u00a1Fuera Claudia!\u201d. Dirigentes de Morena en estados como Puebla y Michoac\u00e1n han calificado la protesta como \u00abguerra sucia\u00bb orquestada por el PAN y el PRI, exigiendo investigaciones sobre infiltrados y financiamiento. Hasta el momento, ni el PAN ni Andrade han desmentido la existencia del contrato, aunque el partido no ha comentado oficialmente al respecto.<\/p>\n","protected":false},"excerpt":{"rendered":"<div class=\"mh-excerpt\"><p>La presidenta nacional de Morena, Luisa Mar\u00eda Alcalde Luj\u00e1n, exhibi\u00f3 un contrato por m\u00e1s de 2 millones de pesos entre el PAN y Edson Andrade <a class=\"mh-excerpt-more\" href=\"https:\/\/interaccioninformativa.mx\/index.php\/2025\/11\/19\/presidenta-de-morena-acusa-al-joven-que-convoco-la-marcha-gen-z-de-recibir-mas-de-2-millones-de-pesos-del-pan\/\" title=\"Presidenta de Morena acusa al joven que convoc\u00f3 la marcha Gen Z de recibir m\u00e1s de 2 millones de pesos del PAN.\">[&#8230;]<\/a><\/p>\n<\/div>","protected":false},"author":1,"featured_media":1819,"comment_status":"open","ping_status":"closed","sticky":false,"template":"","format":"standard","meta":{"footnotes":""},"categories":[1],"tags":[],"class_list":["post-1818","post","type-post","status-publish","format-standard","has-post-thumbnail","hentry","category-noticias"],"_links":{"self":[{"href":"https:\/\/interaccioninformativa.mx\/index.php\/wp-json\/wp\/v2\/posts\/1818","targetHints":{"allow":["GET"]}}],"collection":[{"href":"https:\/\/interaccioninformativa.mx\/index.php\/wp-json\/wp\/v2\/posts"}],"about":[{"href":"https:\/\/interaccioninformativa.mx\/index.php\/wp-json\/wp\/v2\/types\/post"}],"author":[{"embeddable":true,"href":"https:\/\/interaccioninformativa.mx\/index.php\/wp-json\/wp\/v2\/users\/1"}],"replies":[{"embeddable":true,"href":"https:\/\/interaccioninformativa.mx\/index.php\/wp-json\/wp\/v2\/comments?post=1818"}],"version-history":[{"count":1,"href":"https:\/\/interaccioninformativa.mx\/index.php\/wp-json\/wp\/v2\/posts\/1818\/revisions"}],"predecessor-version":[{"id":1820,"href":"https:\/\/interaccioninformativa.mx\/index.php\/wp-json\/wp\/v2\/posts\/1818\/revisions\/1820"}],"wp:featuredmedia":[{"embeddable":true,"href":"https:\/\/interaccioninformativa.mx\/index.php\/wp-json\/wp\/v2\/media\/1819"}],"wp:attachment":[{"href":"https:\/\/interaccioninformativa.mx\/index.php\/wp-json\/wp\/v2\/media?parent=1818"}],"wp:term":[{"taxonomy":"category","embeddable":true,"href":"https:\/\/interaccioninformativa.mx\/index.php\/wp-json\/wp\/v2\/categories?post=1818"},{"taxonomy":"post_tag","embeddable":true,"href":"https:\/\/interaccioninformativa.mx\/index.php\/wp-json\/wp\/v2\/tags?post=1818"}],"curies":[{"name":"wp","href":"https:\/\/api.w.org\/{rel}","templated":true}]}}