{"id":1831,"date":"2025-11-20T18:01:05","date_gmt":"2025-11-20T18:01:05","guid":{"rendered":"https:\/\/interaccioninformativa.mx\/?p=1831"},"modified":"2025-11-20T18:01:21","modified_gmt":"2025-11-20T18:01:21","slug":"muere-alfredo-elias-ayub-empresario-y-exdirector-de-la-cfe-quien-fue-este-influyente-ingeniero-mexicano","status":"publish","type":"post","link":"https:\/\/interaccioninformativa.mx\/index.php\/2025\/11\/20\/muere-alfredo-elias-ayub-empresario-y-exdirector-de-la-cfe-quien-fue-este-influyente-ingeniero-mexicano\/","title":{"rendered":"Muere Alfredo El\u00edas Ayub, empresario y exdirector de la CFE: \u00bfqui\u00e9n fue este influyente ingeniero mexicano?"},"content":{"rendered":"\n<figure class=\"wp-block-image size-full\"><img loading=\"lazy\" decoding=\"async\" width=\"942\" height=\"532\" src=\"https:\/\/interaccioninformativa.mx\/wp-content\/uploads\/2025\/11\/jueves-reportada-muerte-alfredo-elias_0_21_1200_758.webp\" alt=\"\" class=\"wp-image-1832\" srcset=\"https:\/\/interaccioninformativa.mx\/wp-content\/uploads\/2025\/11\/jueves-reportada-muerte-alfredo-elias_0_21_1200_758.webp 942w, https:\/\/interaccioninformativa.mx\/wp-content\/uploads\/2025\/11\/jueves-reportada-muerte-alfredo-elias_0_21_1200_758-300x169.webp 300w, https:\/\/interaccioninformativa.mx\/wp-content\/uploads\/2025\/11\/jueves-reportada-muerte-alfredo-elias_0_21_1200_758-768x434.webp 768w\" sizes=\"auto, (max-width: 942px) 100vw, 942px\" \/><\/figure>\n\n\n\n<p>El ingeniero Alfredo El\u00edas Ayub, destacado empresario, exdirector general de la Comisi\u00f3n Federal de Electricidad (CFE) durante tres sexenios y miembro de una prominente familia de origen liban\u00e9s en M\u00e9xico, falleci\u00f3 este mi\u00e9rcoles 19 de noviembre de 2025 a los 75 a\u00f1os de edad. La noticia fue confirmada por el expresidente Felipe Calder\u00f3n en redes sociales, quien lo describi\u00f3 como \u00abuno de los servidores p\u00fablicos m\u00e1s comprometidos y capaces de su tiempo\u00bb y envi\u00f3 condolencias a su esposa Bego\u00f1a, sus hijos y su hermano Arturo El\u00edas Ayub, yerno del magnate Carlos Slim.<\/p>\n\n\n\n<p>Nacido el 13 de enero de 1950 en la Ciudad de M\u00e9xico, El\u00edas Ayub proven\u00eda de una familia influyente en el \u00e1mbito econ\u00f3mico y pol\u00edtico nacional, con ra\u00edces libanesas similares a las de figuras como Carlos Slim o Alfredo Harp Hel\u00fa. Estudi\u00f3 Ingenier\u00eda Civil en la Universidad An\u00e1huac, donde obtuvo menci\u00f3n honor\u00edfica, y ampli\u00f3 su formaci\u00f3n en la Escuela de Negocios de Harvard, de la que lleg\u00f3 a ser miembro del Consejo de Exalumnos.<\/p>\n\n\n\n<p>Su trayectoria profesional abarc\u00f3 m\u00e1s de cuatro d\u00e9cadas en el sector p\u00fablico y privado. Antes de asumir la direcci\u00f3n de la CFE en 1999 \u2014nombrado por el entonces presidente Ernesto Zedillo\u2014, ocup\u00f3 cargos clave como director general de Aeropuertos y Servicios Auxiliares (ASA), donde impuls\u00f3 procesos de modernizaci\u00f3n. Al frente de la CFE durante los gobiernos de Zedillo, Vicente Fox y Felipe Calder\u00f3n (hasta 2011), lider\u00f3 proyectos emblem\u00e1ticos de inversi\u00f3n a largo plazo en el sector energ\u00e9tico, en colaboraci\u00f3n con Petr\u00f3leos Mexicanos (Pemex). Entre sus contribuciones destacan la expansi\u00f3n y modernizaci\u00f3n del sistema el\u00e9ctrico nacional, la planeaci\u00f3n estrat\u00e9gica del sector y la promoci\u00f3n de consensos para un desarrollo sostenible. Su gesti\u00f3n se caracteriz\u00f3 por un enfoque en la eficiencia, la infraestructura y la formaci\u00f3n de nuevas generaciones de ingenieros.<\/p>\n\n\n\n<p>En el \u00e1mbito acad\u00e9mico y empresarial, fue director de la Escuela de Ingenier\u00eda de la Universidad An\u00e1huac, presidente del Consejo de Desarrollo de esa instituci\u00f3n y de la Fundaci\u00f3n M\u00e9xico en Harvard. Su labor dej\u00f3 una huella en la educaci\u00f3n superior y en asociaciones como la Asociaci\u00f3n Mexicana de Ingenier\u00eda de V\u00edas Terrestres (AMIVTAC), donde particip\u00f3 activamente en proyectos de infraestructura y capacitaci\u00f3n profesional.<\/p>\n\n\n\n<p>Hasta el momento, la familia no ha revelado la causa exacta de su muerte, aunque se menciona que padec\u00eda una enfermedad cr\u00f3nico-degenerativa que afectaba su movilidad. Pol\u00edticos como Alejandro Moreno (\u00abAlito\u00bb) de la alianza opositora, Jenaro Villamil (titular de Cultura), X\u00f3chitl G\u00e1lvez y Jos\u00e9 Antonio Meade expresaron su pesar en redes, destacando su integridad, generosidad y legado en el servicio p\u00fablico. Claro Sports, dirigido por su hermano Arturo, tambi\u00e9n lament\u00f3 el deceso, reconociendo su compromiso con la excelencia y el desarrollo del pa\u00eds.<\/p>\n\n\n\n<p>El fallecimiento de El\u00edas Ayub cierra un cap\u00edtulo en la historia del sector energ\u00e9tico mexicano, donde su visi\u00f3n t\u00e9cnica y administrativa impuls\u00f3 avances clave para la naci\u00f3n.<\/p>\n","protected":false},"excerpt":{"rendered":"<div class=\"mh-excerpt\"><p>El ingeniero Alfredo El\u00edas Ayub, destacado empresario, exdirector general de la Comisi\u00f3n Federal de Electricidad (CFE) durante tres sexenios y miembro de una prominente familia <a class=\"mh-excerpt-more\" href=\"https:\/\/interaccioninformativa.mx\/index.php\/2025\/11\/20\/muere-alfredo-elias-ayub-empresario-y-exdirector-de-la-cfe-quien-fue-este-influyente-ingeniero-mexicano\/\" title=\"Muere Alfredo El\u00edas Ayub, empresario y exdirector de la CFE: \u00bfqui\u00e9n fue este influyente ingeniero mexicano?\">[&#8230;]<\/a><\/p>\n<\/div>","protected":false},"author":1,"featured_media":1832,"comment_status":"open","ping_status":"closed","sticky":false,"template":"","format":"standard","meta":{"footnotes":""},"categories":[1],"tags":[],"class_list":["post-1831","post","type-post","status-publish","format-standard","has-post-thumbnail","hentry","category-noticias"],"_links":{"self":[{"href":"https:\/\/interaccioninformativa.mx\/index.php\/wp-json\/wp\/v2\/posts\/1831","targetHints":{"allow":["GET"]}}],"collection":[{"href":"https:\/\/interaccioninformativa.mx\/index.php\/wp-json\/wp\/v2\/posts"}],"about":[{"href":"https:\/\/interaccioninformativa.mx\/index.php\/wp-json\/wp\/v2\/types\/post"}],"author":[{"embeddable":true,"href":"https:\/\/interaccioninformativa.mx\/index.php\/wp-json\/wp\/v2\/users\/1"}],"replies":[{"embeddable":true,"href":"https:\/\/interaccioninformativa.mx\/index.php\/wp-json\/wp\/v2\/comments?post=1831"}],"version-history":[{"count":1,"href":"https:\/\/interaccioninformativa.mx\/index.php\/wp-json\/wp\/v2\/posts\/1831\/revisions"}],"predecessor-version":[{"id":1833,"href":"https:\/\/interaccioninformativa.mx\/index.php\/wp-json\/wp\/v2\/posts\/1831\/revisions\/1833"}],"wp:featuredmedia":[{"embeddable":true,"href":"https:\/\/interaccioninformativa.mx\/index.php\/wp-json\/wp\/v2\/media\/1832"}],"wp:attachment":[{"href":"https:\/\/interaccioninformativa.mx\/index.php\/wp-json\/wp\/v2\/media?parent=1831"}],"wp:term":[{"taxonomy":"category","embeddable":true,"href":"https:\/\/interaccioninformativa.mx\/index.php\/wp-json\/wp\/v2\/categories?post=1831"},{"taxonomy":"post_tag","embeddable":true,"href":"https:\/\/interaccioninformativa.mx\/index.php\/wp-json\/wp\/v2\/tags?post=1831"}],"curies":[{"name":"wp","href":"https:\/\/api.w.org\/{rel}","templated":true}]}}