{"id":1838,"date":"2025-11-21T17:01:56","date_gmt":"2025-11-21T17:01:56","guid":{"rendered":"https:\/\/interaccioninformativa.mx\/?p=1838"},"modified":"2025-11-21T17:01:56","modified_gmt":"2025-11-21T17:01:56","slug":"trevilla-la-investidura-de-sheinbaum-salda-deuda-historica-con-las-mujeres-de-la-revolucion","status":"publish","type":"post","link":"https:\/\/interaccioninformativa.mx\/index.php\/2025\/11\/21\/trevilla-la-investidura-de-sheinbaum-salda-deuda-historica-con-las-mujeres-de-la-revolucion\/","title":{"rendered":"Trevilla: La investidura de Sheinbaum salda deuda hist\u00f3rica con las mujeres de la Revoluci\u00f3n"},"content":{"rendered":"\n<figure class=\"wp-block-image size-full\"><img loading=\"lazy\" decoding=\"async\" width=\"942\" height=\"532\" src=\"https:\/\/interaccioninformativa.mx\/wp-content\/uploads\/2025\/11\/titular-ejecutivo-flanqueada-raymundo-morales_0_10_600_379.webp\" alt=\"\" class=\"wp-image-1839\" srcset=\"https:\/\/interaccioninformativa.mx\/wp-content\/uploads\/2025\/11\/titular-ejecutivo-flanqueada-raymundo-morales_0_10_600_379.webp 942w, https:\/\/interaccioninformativa.mx\/wp-content\/uploads\/2025\/11\/titular-ejecutivo-flanqueada-raymundo-morales_0_10_600_379-300x169.webp 300w, https:\/\/interaccioninformativa.mx\/wp-content\/uploads\/2025\/11\/titular-ejecutivo-flanqueada-raymundo-morales_0_10_600_379-768x434.webp 768w\" sizes=\"auto, (max-width: 942px) 100vw, 942px\" \/><\/figure>\n\n\n\n<p>El secretario de la Defensa Nacional, general Ricardo Trevilla Trejo, celebr\u00f3 este jueves 20 de noviembre de 2025, durante la ceremonia conmemorativa del 115 aniversario de la Revoluci\u00f3n Mexicana en el Z\u00f3calo capitalino, que la asunci\u00f3n de Claudia Sheinbaum como presidenta y comandanta suprema de las Fuerzas Armadas \u00absalda una deuda hist\u00f3rica\u00bb con las mujeres que participaron en hitos nacionales como la Independencia, la Reforma y la Revoluci\u00f3n, as\u00ed como con todas aquellas que han luchado por sus derechos a lo largo de la historia.<\/p>\n\n\n\n<h4 class=\"wp-block-heading\">Contexto de la declaraci\u00f3n<\/h4>\n\n\n\n<p>En su mensaje previo al desfile c\u00edvico-militar, Trevilla resalt\u00f3 el rol pionero de las \u00absoldaderas\u00bb y figuras femeninas en la Revoluci\u00f3n, que alentaron y combatieron junto a los hombres para forjar una patria m\u00e1s justa. \u00abPrueba de ello es su alta investidura como presidenta de M\u00e9xico y comandanta suprema de las Fuerzas Armadas, que salda una deuda con las mujeres de la Independencia, la Reforma y la Revoluci\u00f3n, y con todas aquellas que en el devenir nacional han luchado por sus derechos\u00bb, enfatiz\u00f3 el general.<\/p>\n\n\n\n<p>Este reconocimiento se enmarca en la evoluci\u00f3n de las Fuerzas Armadas mexicanas, donde Trevilla destac\u00f3 la creciente participaci\u00f3n femenina: actualmente, m\u00e1s de 42 mil mujeres integran el Ej\u00e9rcito, la Fuerza A\u00e9rea y la Guardia Nacional, en igualdad de oportunidades con sus pares hombres. La ceremonia, encabezada por Sheinbaum junto a su gabinete \u2014incluyendo al secretario de Marina, almirante Raymundo Pedro Morales \u00c1ngeles\u2014, subray\u00f3 el compromiso castrense con la Cuarta Transformaci\u00f3n, reafirmando valores revolucionarios como la justicia social, la libertad y la democracia.<\/p>\n\n\n\n<h4 class=\"wp-block-heading\">Mensaje de Sheinbaum en la conmemoraci\u00f3n<\/h4>\n\n\n\n<p>La presidenta, en su discurso, defendi\u00f3 los logros de la Revoluci\u00f3n como base de la transformaci\u00f3n actual: \u00abM\u00e9xico no volver\u00e1 a caminar hacia atr\u00e1s; paz y tranquilidad son fruto de la justicia\u00bb. Critic\u00f3 a quienes promueven la violencia, la injerencia extranjera o el odio, aludiendo a la ultraderecha y la corrupci\u00f3n pasada. \u00abCuando un pueblo reconoce su historia y su dignidad, defiende sus conquistas\u00bb, afirm\u00f3, cerrando con arengas tradicionales: \u00ab\u00a1Que viva la Revoluci\u00f3n! \u00a1Que viva Francisco I. Madero!\u00bb.<\/p>\n\n\n\n<p>El evento incluy\u00f3 carros aleg\u00f3ricos, desfile militar y un \u00e9nfasis simb\u00f3lico en el empoderamiento femenino, alineado con la agenda de Morena. Trevilla concluy\u00f3 reiterando la lealtad de las Fuerzas Armadas: \u00abSomos una naci\u00f3n que, con orgullo, defiende sus conquistas, su historia, su memoria y su patrimonio\u00bb.<\/p>\n","protected":false},"excerpt":{"rendered":"<div class=\"mh-excerpt\"><p>El secretario de la Defensa Nacional, general Ricardo Trevilla Trejo, celebr\u00f3 este jueves 20 de noviembre de 2025, durante la ceremonia conmemorativa del 115 aniversario <a class=\"mh-excerpt-more\" href=\"https:\/\/interaccioninformativa.mx\/index.php\/2025\/11\/21\/trevilla-la-investidura-de-sheinbaum-salda-deuda-historica-con-las-mujeres-de-la-revolucion\/\" title=\"Trevilla: La investidura de Sheinbaum salda deuda hist\u00f3rica con las mujeres de la Revoluci\u00f3n\">[&#8230;]<\/a><\/p>\n<\/div>","protected":false},"author":1,"featured_media":1839,"comment_status":"open","ping_status":"closed","sticky":false,"template":"","format":"standard","meta":{"footnotes":""},"categories":[1],"tags":[],"class_list":["post-1838","post","type-post","status-publish","format-standard","has-post-thumbnail","hentry","category-noticias"],"_links":{"self":[{"href":"https:\/\/interaccioninformativa.mx\/index.php\/wp-json\/wp\/v2\/posts\/1838","targetHints":{"allow":["GET"]}}],"collection":[{"href":"https:\/\/interaccioninformativa.mx\/index.php\/wp-json\/wp\/v2\/posts"}],"about":[{"href":"https:\/\/interaccioninformativa.mx\/index.php\/wp-json\/wp\/v2\/types\/post"}],"author":[{"embeddable":true,"href":"https:\/\/interaccioninformativa.mx\/index.php\/wp-json\/wp\/v2\/users\/1"}],"replies":[{"embeddable":true,"href":"https:\/\/interaccioninformativa.mx\/index.php\/wp-json\/wp\/v2\/comments?post=1838"}],"version-history":[{"count":1,"href":"https:\/\/interaccioninformativa.mx\/index.php\/wp-json\/wp\/v2\/posts\/1838\/revisions"}],"predecessor-version":[{"id":1840,"href":"https:\/\/interaccioninformativa.mx\/index.php\/wp-json\/wp\/v2\/posts\/1838\/revisions\/1840"}],"wp:featuredmedia":[{"embeddable":true,"href":"https:\/\/interaccioninformativa.mx\/index.php\/wp-json\/wp\/v2\/media\/1839"}],"wp:attachment":[{"href":"https:\/\/interaccioninformativa.mx\/index.php\/wp-json\/wp\/v2\/media?parent=1838"}],"wp:term":[{"taxonomy":"category","embeddable":true,"href":"https:\/\/interaccioninformativa.mx\/index.php\/wp-json\/wp\/v2\/categories?post=1838"},{"taxonomy":"post_tag","embeddable":true,"href":"https:\/\/interaccioninformativa.mx\/index.php\/wp-json\/wp\/v2\/tags?post=1838"}],"curies":[{"name":"wp","href":"https:\/\/api.w.org\/{rel}","templated":true}]}}