{"id":1856,"date":"2025-11-23T16:55:46","date_gmt":"2025-11-23T16:55:46","guid":{"rendered":"https:\/\/interaccioninformativa.mx\/?p=1856"},"modified":"2025-11-24T16:55:59","modified_gmt":"2025-11-24T16:55:59","slug":"sheinbaum-responde-a-peru-por-amenaza-contra-embajada-si-ingresan-a-la-embajada-de-mexico-violarian-la-convencion-de-viena-y-el-derecho-internacional","status":"publish","type":"post","link":"https:\/\/interaccioninformativa.mx\/index.php\/2025\/11\/23\/sheinbaum-responde-a-peru-por-amenaza-contra-embajada-si-ingresan-a-la-embajada-de-mexico-violarian-la-convencion-de-viena-y-el-derecho-internacional\/","title":{"rendered":"Sheinbaum responde a Per\u00fa por amenaza contra embajada: Si ingresan a la Embajada de M\u00e9xico, violar\u00edan la Convenci\u00f3n de Viena y el derecho internacional"},"content":{"rendered":"\n<figure class=\"wp-block-image size-large\"><img loading=\"lazy\" decoding=\"async\" width=\"1024\" height=\"576\" src=\"https:\/\/interaccioninformativa.mx\/wp-content\/uploads\/2025\/11\/5NO3DBAVCNG73COTWWJCPVBWIM-1024x576.avif\" alt=\"\" class=\"wp-image-1857\" srcset=\"https:\/\/interaccioninformativa.mx\/wp-content\/uploads\/2025\/11\/5NO3DBAVCNG73COTWWJCPVBWIM-1024x576.avif 1024w, https:\/\/interaccioninformativa.mx\/wp-content\/uploads\/2025\/11\/5NO3DBAVCNG73COTWWJCPVBWIM-300x169.avif 300w, https:\/\/interaccioninformativa.mx\/wp-content\/uploads\/2025\/11\/5NO3DBAVCNG73COTWWJCPVBWIM-768x432.avif 768w, https:\/\/interaccioninformativa.mx\/wp-content\/uploads\/2025\/11\/5NO3DBAVCNG73COTWWJCPVBWIM-678x381.avif 678w, https:\/\/interaccioninformativa.mx\/wp-content\/uploads\/2025\/11\/5NO3DBAVCNG73COTWWJCPVBWIM.avif 1200w\" sizes=\"auto, (max-width: 1024px) 100vw, 1024px\" \/><\/figure>\n\n\n\n<p>La presidenta Claudia Sheinbaum respondi\u00f3 firme a las declaraciones del gobierno interino de Per\u00fa, que eval\u00faa irrumpir en la Embajada de M\u00e9xico en Lima para detener a la exministra peruana Betssy Ch\u00e1vez, quien recibi\u00f3 asilo diplom\u00e1tico.<\/p>\n\n\n\n<p>\u00abSi llegaran a entrar a la Embajada de M\u00e9xico, estar\u00edan violando la Convenci\u00f3n de Viena sobre relaciones diplom\u00e1ticas y todo el derecho internacional\u00bb, sentenci\u00f3 Sheinbaum. La mandataria enfatiz\u00f3 que, aunque existan diferencias pol\u00edticas entre ambos pa\u00edses, \u00abla soberan\u00eda de nuestras sedes diplom\u00e1ticas es intocable y est\u00e1 protegida por tratados internacionales que Per\u00fa tambi\u00e9n ha firmado\u00bb.<\/p>\n\n\n\n<p>El pronunciamiento se da luego de que el canciller interino peruano, Jos\u00e9 Jer\u00ed, afirmara que se ha hecho \u00abmal uso\u00bb del asilo pol\u00edtico y no descartara el ingreso forzoso a la legaci\u00f3n mexicana para capturar a Ch\u00e1vez, acusada en su pa\u00eds de delitos relacionados con el intento de golpe de Estado de Pedro Castillo.<\/p>\n\n\n\n<p>Sheinbaum cerr\u00f3 su mensaje recordando: \u00abPodemos discrepar, pero siempre dentro del marco de la legalidad internacional. M\u00e9xico defender\u00e1 su embajada y el derecho de asilo reconocido en los tratados que nos obligan a todos\u00bb.<\/p>\n","protected":false},"excerpt":{"rendered":"<div class=\"mh-excerpt\"><p>La presidenta Claudia Sheinbaum respondi\u00f3 firme a las declaraciones del gobierno interino de Per\u00fa, que eval\u00faa irrumpir en la Embajada de M\u00e9xico en Lima para <a class=\"mh-excerpt-more\" href=\"https:\/\/interaccioninformativa.mx\/index.php\/2025\/11\/23\/sheinbaum-responde-a-peru-por-amenaza-contra-embajada-si-ingresan-a-la-embajada-de-mexico-violarian-la-convencion-de-viena-y-el-derecho-internacional\/\" title=\"Sheinbaum responde a Per\u00fa por amenaza contra embajada: Si ingresan a la Embajada de M\u00e9xico, violar\u00edan la Convenci\u00f3n de Viena y el derecho internacional\">[&#8230;]<\/a><\/p>\n<\/div>","protected":false},"author":1,"featured_media":1857,"comment_status":"open","ping_status":"closed","sticky":false,"template":"","format":"standard","meta":{"footnotes":""},"categories":[1],"tags":[],"class_list":["post-1856","post","type-post","status-publish","format-standard","has-post-thumbnail","hentry","category-noticias"],"_links":{"self":[{"href":"https:\/\/interaccioninformativa.mx\/index.php\/wp-json\/wp\/v2\/posts\/1856","targetHints":{"allow":["GET"]}}],"collection":[{"href":"https:\/\/interaccioninformativa.mx\/index.php\/wp-json\/wp\/v2\/posts"}],"about":[{"href":"https:\/\/interaccioninformativa.mx\/index.php\/wp-json\/wp\/v2\/types\/post"}],"author":[{"embeddable":true,"href":"https:\/\/interaccioninformativa.mx\/index.php\/wp-json\/wp\/v2\/users\/1"}],"replies":[{"embeddable":true,"href":"https:\/\/interaccioninformativa.mx\/index.php\/wp-json\/wp\/v2\/comments?post=1856"}],"version-history":[{"count":1,"href":"https:\/\/interaccioninformativa.mx\/index.php\/wp-json\/wp\/v2\/posts\/1856\/revisions"}],"predecessor-version":[{"id":1858,"href":"https:\/\/interaccioninformativa.mx\/index.php\/wp-json\/wp\/v2\/posts\/1856\/revisions\/1858"}],"wp:featuredmedia":[{"embeddable":true,"href":"https:\/\/interaccioninformativa.mx\/index.php\/wp-json\/wp\/v2\/media\/1857"}],"wp:attachment":[{"href":"https:\/\/interaccioninformativa.mx\/index.php\/wp-json\/wp\/v2\/media?parent=1856"}],"wp:term":[{"taxonomy":"category","embeddable":true,"href":"https:\/\/interaccioninformativa.mx\/index.php\/wp-json\/wp\/v2\/categories?post=1856"},{"taxonomy":"post_tag","embeddable":true,"href":"https:\/\/interaccioninformativa.mx\/index.php\/wp-json\/wp\/v2\/tags?post=1856"}],"curies":[{"name":"wp","href":"https:\/\/api.w.org\/{rel}","templated":true}]}}