{"id":1859,"date":"2025-11-23T16:59:02","date_gmt":"2025-11-23T16:59:02","guid":{"rendered":"https:\/\/interaccioninformativa.mx\/?p=1859"},"modified":"2025-11-24T16:59:18","modified_gmt":"2025-11-24T16:59:18","slug":"revelan-carta-postuma-de-implicado-en-el-asesinato-de-carlos-manzo-nos-van-a-querer-silenciar","status":"publish","type":"post","link":"https:\/\/interaccioninformativa.mx\/index.php\/2025\/11\/23\/revelan-carta-postuma-de-implicado-en-el-asesinato-de-carlos-manzo-nos-van-a-querer-silenciar\/","title":{"rendered":"Revelan carta p\u00f3stuma de implicado en el asesinato de Carlos Manzo: \u00abNos van a querer silenciar\u00bb"},"content":{"rendered":"\n<figure class=\"wp-block-image size-large\"><img loading=\"lazy\" decoding=\"async\" width=\"1024\" height=\"640\" src=\"https:\/\/interaccioninformativa.mx\/wp-content\/uploads\/2025\/11\/carlos-manzo-archivo-cuartoscuro-3-24112025-1024x640.jpg\" alt=\"\" class=\"wp-image-1860\" srcset=\"https:\/\/interaccioninformativa.mx\/wp-content\/uploads\/2025\/11\/carlos-manzo-archivo-cuartoscuro-3-24112025-1024x640.jpg 1024w, https:\/\/interaccioninformativa.mx\/wp-content\/uploads\/2025\/11\/carlos-manzo-archivo-cuartoscuro-3-24112025-300x188.jpg 300w, https:\/\/interaccioninformativa.mx\/wp-content\/uploads\/2025\/11\/carlos-manzo-archivo-cuartoscuro-3-24112025-768x480.jpg 768w, https:\/\/interaccioninformativa.mx\/wp-content\/uploads\/2025\/11\/carlos-manzo-archivo-cuartoscuro-3-24112025.jpg 1200w\" sizes=\"auto, (max-width: 1024px) 100vw, 1024px\" \/><\/figure>\n\n\n\n<p>En un giro impactante durante la audiencia inicial por el homicidio del exalcalde de Uruapan, Michoac\u00e1n, Carlos Manzo, autoridades del Ministerio P\u00fablico divulgaron el contenido de una carta p\u00f3stuma atribuida a Ramiro \u00abN\u00bb, uno de los presuntos participantes en la planeaci\u00f3n del crimen y quien fue hallado sin vida el 10 de noviembre.<\/p>\n\n\n\n<p>La misiva, dirigida a su hija y pareja, contiene confesiones desgarradoras y acusaciones graves. En ella, Ramiro \u00abN\u00bb pide perd\u00f3n por sus errores: \u00abMija, cuando leas estas letras se te llenar\u00e1n los ojos de agua, pero perd\u00f3name, porque hice las cosas mal. No andaba en nada del aguacate, te ment\u00ed. Solo quer\u00eda hacer algo para ustedes y te fall\u00e9\u00bb. Luego, anticipa su destino fatal: \u00abSeguramente cuando leas esto, yo estar\u00e9 muerto, porque <strong>nos van a querer silenciar<\/strong>. Cualquier cosa que me pase, estaba trabajando para El Licenciado. Espero que me perdones y puedas decir la verdad, pero no lo hagas en Uruapan, porque El Licenciado tiene comprada a toda la fiscal\u00eda\u00bb.<\/p>\n\n\n\n<p>El texto se\u00f1ala directamente a Jorge Armando \u00abN\u00bb, alias \u00abEl Licenciado\u00bb, como el autor intelectual del atentado, vinculado al C\u00e1rtel Jalisco Nueva Generaci\u00f3n (CJNG). Seg\u00fan las investigaciones, Ramiro \u00abN\u00bb reclut\u00f3 a los sicarios V\u00edctor Manuel \u00abN\u00bb \u2014el tirador abatido en el lugar del crimen el 1 de noviembre\u2014 y Fernando Josu\u00e9 \u00abN\u00bb, tambi\u00e9n asesinado d\u00edas despu\u00e9s. Todos formaban parte de un grupo de mensajer\u00eda donde se coordin\u00f3 el ataque, por el que se ofreci\u00f3 una recompensa de dos millones de pesos.<\/p>\n\n\n\n<p>El asesinato de Manzo ocurri\u00f3 durante un evento de D\u00eda de Muertos, presuntamente por su oposici\u00f3n al control criminal en la regi\u00f3n aguacatera de Uruapan. La carta podr\u00eda reconfigurar la pesquisa al insinuar corrupci\u00f3n en la Fiscal\u00eda estatal y amenazas sistem\u00e1ticas para encubrir el m\u00f3vil. \u00abEl Licenciado\u00bb y siete escoltas ya enfrentan prisi\u00f3n preventiva en el penal de El Altiplano, en el Estado de M\u00e9xico, mientras las autoridades federales profundizan en los nexos con el crimen organizado. Este caso ha avivado el debate sobre la infiltraci\u00f3n del narco en instituciones locales de Michoac\u00e1n.<\/p>\n","protected":false},"excerpt":{"rendered":"<div class=\"mh-excerpt\"><p>En un giro impactante durante la audiencia inicial por el homicidio del exalcalde de Uruapan, Michoac\u00e1n, Carlos Manzo, autoridades del Ministerio P\u00fablico divulgaron el contenido <a class=\"mh-excerpt-more\" href=\"https:\/\/interaccioninformativa.mx\/index.php\/2025\/11\/23\/revelan-carta-postuma-de-implicado-en-el-asesinato-de-carlos-manzo-nos-van-a-querer-silenciar\/\" title=\"Revelan carta p\u00f3stuma de implicado en el asesinato de Carlos Manzo: \u00abNos van a querer silenciar\u00bb\">[&#8230;]<\/a><\/p>\n<\/div>","protected":false},"author":1,"featured_media":1860,"comment_status":"open","ping_status":"closed","sticky":false,"template":"","format":"standard","meta":{"footnotes":""},"categories":[1],"tags":[],"class_list":["post-1859","post","type-post","status-publish","format-standard","has-post-thumbnail","hentry","category-noticias"],"_links":{"self":[{"href":"https:\/\/interaccioninformativa.mx\/index.php\/wp-json\/wp\/v2\/posts\/1859","targetHints":{"allow":["GET"]}}],"collection":[{"href":"https:\/\/interaccioninformativa.mx\/index.php\/wp-json\/wp\/v2\/posts"}],"about":[{"href":"https:\/\/interaccioninformativa.mx\/index.php\/wp-json\/wp\/v2\/types\/post"}],"author":[{"embeddable":true,"href":"https:\/\/interaccioninformativa.mx\/index.php\/wp-json\/wp\/v2\/users\/1"}],"replies":[{"embeddable":true,"href":"https:\/\/interaccioninformativa.mx\/index.php\/wp-json\/wp\/v2\/comments?post=1859"}],"version-history":[{"count":1,"href":"https:\/\/interaccioninformativa.mx\/index.php\/wp-json\/wp\/v2\/posts\/1859\/revisions"}],"predecessor-version":[{"id":1861,"href":"https:\/\/interaccioninformativa.mx\/index.php\/wp-json\/wp\/v2\/posts\/1859\/revisions\/1861"}],"wp:featuredmedia":[{"embeddable":true,"href":"https:\/\/interaccioninformativa.mx\/index.php\/wp-json\/wp\/v2\/media\/1860"}],"wp:attachment":[{"href":"https:\/\/interaccioninformativa.mx\/index.php\/wp-json\/wp\/v2\/media?parent=1859"}],"wp:term":[{"taxonomy":"category","embeddable":true,"href":"https:\/\/interaccioninformativa.mx\/index.php\/wp-json\/wp\/v2\/categories?post=1859"},{"taxonomy":"post_tag","embeddable":true,"href":"https:\/\/interaccioninformativa.mx\/index.php\/wp-json\/wp\/v2\/tags?post=1859"}],"curies":[{"name":"wp","href":"https:\/\/api.w.org\/{rel}","templated":true}]}}