{"id":1867,"date":"2025-11-24T17:06:56","date_gmt":"2025-11-24T17:06:56","guid":{"rendered":"https:\/\/interaccioninformativa.mx\/?p=1867"},"modified":"2025-11-24T17:06:56","modified_gmt":"2025-11-24T17:06:56","slug":"megabloqueo-nacional-de-transportistas-horarios-cierres-y-afectaciones-en-cdmx-edomex-y-el-resto-del-pais","status":"publish","type":"post","link":"https:\/\/interaccioninformativa.mx\/index.php\/2025\/11\/24\/megabloqueo-nacional-de-transportistas-horarios-cierres-y-afectaciones-en-cdmx-edomex-y-el-resto-del-pais\/","title":{"rendered":"Megabloqueo nacional de transportistas: horarios, cierres y afectaciones en CDMX, Edomex y el resto del pa\u00eds"},"content":{"rendered":"\n<figure class=\"wp-block-image size-full\"><img loading=\"lazy\" decoding=\"async\" width=\"942\" height=\"532\" src=\"https:\/\/interaccioninformativa.mx\/wp-content\/uploads\/2025\/11\/megabloqueo-en-el-valle-de.webp\" alt=\"\" class=\"wp-image-1868\" srcset=\"https:\/\/interaccioninformativa.mx\/wp-content\/uploads\/2025\/11\/megabloqueo-en-el-valle-de.webp 942w, https:\/\/interaccioninformativa.mx\/wp-content\/uploads\/2025\/11\/megabloqueo-en-el-valle-de-300x169.webp 300w, https:\/\/interaccioninformativa.mx\/wp-content\/uploads\/2025\/11\/megabloqueo-en-el-valle-de-768x434.webp 768w\" sizes=\"auto, (max-width: 942px) 100vw, 942px\" \/><\/figure>\n\n\n\n<p>Este lunes 24 de noviembre de 2025, transportistas y productores agr\u00edcolas protagonizar\u00e1n un paro nacional que paralizar\u00e1 carreteras, autopistas y accesos clave en al menos 25 estados de M\u00e9xico. La protesta, convocada por organizaciones como la Asociaci\u00f3n Nacional de Transportistas (ANTAC), el Frente Nacional para el Rescate del Campo Mexicano (FNRCM) y el Movimiento Agr\u00edcola Campesino (MAC), busca exigir mayor seguridad en las v\u00edas federales, el fin de extorsiones y asaltos, as\u00ed como apoyos para el sector agr\u00edcola y simplificaci\u00f3n de tr\u00e1mites vehiculares.<\/p>\n\n\n\n<p>Los organizadores advierten que el bloqueo podr\u00eda extenderse de manera indefinida si no hay respuesta inmediata del gobierno federal. Solo se permitir\u00e1 el paso a servicios de emergencia y transporte p\u00fablico esencial. A continuaci\u00f3n, los detalles clave:<\/p>\n\n\n\n<h4 class=\"wp-block-heading\">Horario de los bloqueos<\/h4>\n\n\n\n<ul class=\"wp-block-list\">\n<li><strong>Inicio<\/strong>: La mayor\u00eda de las fuentes coinciden en que los cierres comenzar\u00e1n a las <strong>8:00 horas<\/strong> en puntos estrat\u00e9gicos. En el Estado de M\u00e9xico (Edomex), algunos podr\u00edan arrancar desde las 6:00 horas en accesos perif\u00e9ricos, mientras que en la Ciudad de M\u00e9xico (CDMX) se esperan a partir de las 7:00-8:00 horas.<\/li>\n\n\n\n<li><strong>Duraci\u00f3n<\/strong>: Indefinida, hasta que se atiendan las demandas. Se recomienda no circular por carreteras federales durante el d\u00eda completo.<\/li>\n<\/ul>\n\n\n\n<h4 class=\"wp-block-heading\">Cierres confirmados en CDMX y Edomex<\/h4>\n\n\n\n<p>Las afectaciones se concentrar\u00e1n en accesos clave al Valle de M\u00e9xico, impactando el flujo de mercanc\u00edas y el traslado diario de miles de personas. Las vialidades m\u00e1s cr\u00edticas incluyen:<\/p>\n\n\n\n<figure class=\"wp-block-table\"><table class=\"has-fixed-layout\"><thead><tr><th>Vialidad\/Autopista<\/th><th>Ubicaci\u00f3n<\/th><th>Detalles de cierre<\/th><\/tr><\/thead><tbody><tr><td>Autopista M\u00e9xico-Puebla<\/td><td>Accesos a CDMX desde Puebla<\/td><td>Bloqueo total en casetas y tramos iniciales<\/td><\/tr><tr><td>Autopista M\u00e9xico-Quer\u00e9taro<\/td><td>Salidas de Edomex hacia Quer\u00e9taro<\/td><td>Cierres en peaje y puentes elevados<\/td><\/tr><tr><td>Autopista M\u00e9xico-Cuernavaca<\/td><td>Accesos sur de CDMX<\/td><td>Bloqueo en caseta y avenidas colindantes<\/td><\/tr><tr><td>Autopista M\u00e9xico-Toluca<\/td><td>Norte de Edomex<\/td><td>Cierres en tramos centrales desde las 6:00 horas<\/td><\/tr><tr><td>Circuito Exterior Mexiquense<\/td><td>Anillos perif\u00e9ricos de Edomex<\/td><td>Bloqueos selectivos en intersecciones clave<\/td><\/tr><tr><td>Av. R\u00edo de los Remedios y Blvd. Puerto A\u00e9reo<\/td><td>Norte de CDMX<\/td><td>Afectaciones en accesos al AICM<\/td><\/tr><\/tbody><\/table><\/figure>\n\n\n\n<p>Estas rutas son vitales para el transporte de carga, por lo que se esperan retrasos masivos en el Valle de M\u00e9xico. El Aeropuerto Internacional Felipe \u00c1ngeles (AIFA) ya alert\u00f3 sobre posibles demoras en traslados.<\/p>\n\n\n\n<h4 class=\"wp-block-heading\">Afectaciones en otros estados<\/h4>\n\n\n\n<p>El megabloqueo abarcar\u00e1 al menos 20-25 entidades, con cierres en carreteras federales y posibles tomas de aduanas en la frontera norte. Estados confirmados con movilizaciones incluyen:<\/p>\n\n\n\n<ul class=\"wp-block-list\">\n<li><strong>Norte<\/strong>: Chihuahua, Sonora, Sinaloa, Tamaulipas, Baja California (posibles cierres en aduanas como Tijuana y Ciudad Ju\u00e1rez).<\/li>\n\n\n\n<li><strong>Centro<\/strong>: Quer\u00e9taro, Puebla, Veracruz, Hidalgo, Guanajuato, Jalisco, Michoac\u00e1n.<\/li>\n\n\n\n<li><strong>Sur y Occidente<\/strong>: Guerrero, Colima, Nayarit, Campeche, Yucat\u00e1n, Quintana Roo.<\/li>\n\n\n\n<li><strong>Otros<\/strong>: Aguascalientes, Zacatecas, San Luis Potos\u00ed.<\/li>\n<\/ul>\n\n\n\n<p>En regiones como Nuevo Le\u00f3n y Coahuila, se prev\u00e9n bloqueos en accesos a Monterrey y complejos industriales.<\/p>\n\n\n\n<h4 class=\"wp-block-heading\">Recomendaciones para la ciudadan\u00eda<\/h4>\n\n\n\n<ul class=\"wp-block-list\">\n<li><strong>Evita viajar<\/strong>: Los convocantes piden no salir a carreteras ni autopistas durante el d\u00eda. Opta por trabajo remoto si es posible.<\/li>\n\n\n\n<li><strong>Usa apps de GPS<\/strong>: Monitorea el tr\u00e1fico en tiempo real con Waze o Google Maps para rutas alternativas.<\/li>\n\n\n\n<li><strong>Transporte p\u00fablico<\/strong>: En CDMX, el Metro y Metrob\u00fas operar\u00e1n con normalidad, pero evita conexiones con autopistas afectadas.<\/li>\n\n\n\n<li><strong>Emergencias<\/strong>: Marca al 911 para cualquier necesidad; los servicios prioritarios tendr\u00e1n paso libre.<\/li>\n\n\n\n<li><strong>Sigue actualizaciones<\/strong>: Consulta redes de ANTAC o la Secretar\u00eda de Seguridad y Protecci\u00f3n Ciudadana (SSPC) para cambios de \u00faltimo minuto.<\/li>\n<\/ul>\n\n\n\n<p>Este paro resalta la crisis de inseguridad en carreteras, con un aumento de asaltos que afecta no solo a transportistas, sino a toda la cadena de suministro alimentaria y comercial. El gobierno federal ha convocado mesas de di\u00e1logo, pero hasta ahora no hay acuerdo. Si las demandas no se atienden, podr\u00edan repetirse acciones en los pr\u00f3ximos d\u00edas.<\/p>\n","protected":false},"excerpt":{"rendered":"<div class=\"mh-excerpt\"><p>Este lunes 24 de noviembre de 2025, transportistas y productores agr\u00edcolas protagonizar\u00e1n un paro nacional que paralizar\u00e1 carreteras, autopistas y accesos clave en al menos <a class=\"mh-excerpt-more\" href=\"https:\/\/interaccioninformativa.mx\/index.php\/2025\/11\/24\/megabloqueo-nacional-de-transportistas-horarios-cierres-y-afectaciones-en-cdmx-edomex-y-el-resto-del-pais\/\" title=\"Megabloqueo nacional de transportistas: horarios, cierres y afectaciones en CDMX, Edomex y el resto del pa\u00eds\">[&#8230;]<\/a><\/p>\n<\/div>","protected":false},"author":1,"featured_media":1868,"comment_status":"open","ping_status":"closed","sticky":false,"template":"","format":"standard","meta":{"footnotes":""},"categories":[1],"tags":[],"class_list":["post-1867","post","type-post","status-publish","format-standard","has-post-thumbnail","hentry","category-noticias"],"_links":{"self":[{"href":"https:\/\/interaccioninformativa.mx\/index.php\/wp-json\/wp\/v2\/posts\/1867","targetHints":{"allow":["GET"]}}],"collection":[{"href":"https:\/\/interaccioninformativa.mx\/index.php\/wp-json\/wp\/v2\/posts"}],"about":[{"href":"https:\/\/interaccioninformativa.mx\/index.php\/wp-json\/wp\/v2\/types\/post"}],"author":[{"embeddable":true,"href":"https:\/\/interaccioninformativa.mx\/index.php\/wp-json\/wp\/v2\/users\/1"}],"replies":[{"embeddable":true,"href":"https:\/\/interaccioninformativa.mx\/index.php\/wp-json\/wp\/v2\/comments?post=1867"}],"version-history":[{"count":1,"href":"https:\/\/interaccioninformativa.mx\/index.php\/wp-json\/wp\/v2\/posts\/1867\/revisions"}],"predecessor-version":[{"id":1869,"href":"https:\/\/interaccioninformativa.mx\/index.php\/wp-json\/wp\/v2\/posts\/1867\/revisions\/1869"}],"wp:featuredmedia":[{"embeddable":true,"href":"https:\/\/interaccioninformativa.mx\/index.php\/wp-json\/wp\/v2\/media\/1868"}],"wp:attachment":[{"href":"https:\/\/interaccioninformativa.mx\/index.php\/wp-json\/wp\/v2\/media?parent=1867"}],"wp:term":[{"taxonomy":"category","embeddable":true,"href":"https:\/\/interaccioninformativa.mx\/index.php\/wp-json\/wp\/v2\/categories?post=1867"},{"taxonomy":"post_tag","embeddable":true,"href":"https:\/\/interaccioninformativa.mx\/index.php\/wp-json\/wp\/v2\/tags?post=1867"}],"curies":[{"name":"wp","href":"https:\/\/api.w.org\/{rel}","templated":true}]}}