{"id":1873,"date":"2025-11-24T17:12:35","date_gmt":"2025-11-24T17:12:35","guid":{"rendered":"https:\/\/interaccioninformativa.mx\/?p=1873"},"modified":"2025-11-24T17:12:35","modified_gmt":"2025-11-24T17:12:35","slug":"polemica-en-miss-universo-2025-miss-indonesia-y-ecuador-cuestionan-el-triunfo-de-fatima-bosch-con-mensajes-emotivos-y-acusaciones-de-irregularidades","status":"publish","type":"post","link":"https:\/\/interaccioninformativa.mx\/index.php\/2025\/11\/24\/polemica-en-miss-universo-2025-miss-indonesia-y-ecuador-cuestionan-el-triunfo-de-fatima-bosch-con-mensajes-emotivos-y-acusaciones-de-irregularidades\/","title":{"rendered":"Pol\u00e9mica en Miss Universo 2025: Miss Indonesia y Ecuador cuestionan el triunfo de F\u00e1tima Bosch con mensajes emotivos y acusaciones de irregularidades"},"content":{"rendered":"\n<figure class=\"wp-block-image size-large\"><img loading=\"lazy\" decoding=\"async\" width=\"1024\" height=\"576\" src=\"https:\/\/interaccioninformativa.mx\/wp-content\/uploads\/2025\/11\/WhatsApp20Image202025-11-2320at204-1024x576.webp\" alt=\"\" class=\"wp-image-1874\" srcset=\"https:\/\/interaccioninformativa.mx\/wp-content\/uploads\/2025\/11\/WhatsApp20Image202025-11-2320at204-1024x576.webp 1024w, https:\/\/interaccioninformativa.mx\/wp-content\/uploads\/2025\/11\/WhatsApp20Image202025-11-2320at204-300x169.webp 300w, https:\/\/interaccioninformativa.mx\/wp-content\/uploads\/2025\/11\/WhatsApp20Image202025-11-2320at204-768x432.webp 768w, https:\/\/interaccioninformativa.mx\/wp-content\/uploads\/2025\/11\/WhatsApp20Image202025-11-2320at204-678x381.webp 678w, https:\/\/interaccioninformativa.mx\/wp-content\/uploads\/2025\/11\/WhatsApp20Image202025-11-2320at204.webp 1277w\" sizes=\"auto, (max-width: 1024px) 100vw, 1024px\" \/><\/figure>\n\n\n\n<h3 class=\"wp-block-heading\">Pol\u00e9mica en Miss Universo 2025: Miss Indonesia y Ecuador cuestionan el triunfo de F\u00e1tima Bosch con mensajes emotivos y acusaciones de irregularidades<\/h3>\n\n\n\n<p>El triunfo de la mexicana F\u00e1tima Bosch como Miss Universo 2025, coronada el 21 de noviembre en Bangkok, Tailandia, ha desatado una ola de controversia que trasciende las fronteras. Mientras M\u00e9xico celebra a su cuarta ganadora hist\u00f3rica \u2014precedida por Ximena Navarrete (2010), Lupita Jones (1991) y Mineo Mayo (1952)\u2014, candidatas de Indonesia y Ecuador han elevado la voz para expresar su descontento, sum\u00e1ndose a las denuncias de un exjueces que alega fraude en el proceso de selecci\u00f3n.<\/p>\n\n\n\n<p>La edici\u00f3n 74 del certamen, transmitida en vivo ante miles de espectadores, no solo gener\u00f3 abucheos en el lugar durante la coronaci\u00f3n, sino que ha provocado renuncias y mensajes p\u00fablicos que cuestionan la transparencia del evento. La Organizaci\u00f3n Miss Universo ha negado categ\u00f3ricamente cualquier irregularidad, afirmando que las decisiones se tomaron conforme a los protocolos establecidos y amenazando con acciones legales contra la difusi\u00f3n de informaci\u00f3n falsa.<\/p>\n\n\n\n<h4 class=\"wp-block-heading\">Las voces de inconformidad: \u00bfProtesta o reflexi\u00f3n personal?<\/h4>\n\n\n\n<p>Aunque no se trata de una protesta organizada, las declaraciones de las afectadas han avivado el debate en redes sociales e internacionales. Aqu\u00ed un resumen de sus posturas:<\/p>\n\n\n\n<figure class=\"wp-block-table\"><table class=\"has-fixed-layout\"><thead><tr><th>Candidata<\/th><th>Pa\u00eds<\/th><th>Mensaje clave<\/th><th>Contexto<\/th><\/tr><\/thead><tbody><tr><td><strong>Sanly Liuu<\/strong><\/td><td>Indonesia<\/td><td>\u00abPara m\u00ed, este viaje siempre se ha tratado de dar lo mejor de m\u00ed por Indonesia. (&#8230;) Gracias, Omar Harfouch por hablar y reconocer lo que muchos no vimos detr\u00e1s de escena, tu voz significa m\u00e1s de lo que sabes\u00bb.<\/td><td>Liuu, debutante en cert\u00e1menes, etiquet\u00f3 directamente al exjuez Harfouch en Instagram, insinuando irregularidades \u00abdetr\u00e1s de escena\u00bb. Su tono es de decepci\u00f3n frontal, aline\u00e1ndose con las acusaciones de manipulaci\u00f3n.<\/td><\/tr><tr><td><strong>Nadie Mej\u00eda-Webb<\/strong><\/td><td>Ecuador<\/td><td>\u00abHay tanto que quiero decir&#8230; mentir\u00eda si dijera que no me duele. (&#8230;) Ecuador me ha ense\u00f1ado que, incluso en los momentos m\u00e1s dif\u00edciles, nuestro pueblo avanza con resiliencia, valent\u00eda y esperanza. Luchamos por lo que es correcto\u00bb.<\/td><td>En sus historias de Instagram, Mej\u00eda-Webb expres\u00f3 dolor por los \u00abacontecimientos\u00bb del certamen, enfatizando su entrega total sin atacar directamente a Bosch, pero destacando la lucha por la justicia.<\/td><\/tr><tr><td><strong>Brigitta Schaback<\/strong><\/td><td>Estonia<\/td><td>Anuncio de renuncia a su t\u00edtulo nacional.<\/td><td>Aunque aclar\u00f3 que se debe a desacuerdos con la directora local de Miss Universo en Estonia (Natalie Korneitchik), su salida suma a la atm\u00f3sfera de fracturas internas, sin menci\u00f3n expl\u00edcita a Bosch.<\/td><\/tr><\/tbody><\/table><\/figure>\n\n\n\n<p>Estas expresiones han sido interpretadas por algunos como un \u00abprotesta sutil\u00bb contra un sistema que, seg\u00fan cr\u00edticos, perpet\u00faa la objetivaci\u00f3n de la mujer y posibles influencias externas.<\/p>\n\n\n\n<h4 class=\"wp-block-heading\">El origen de la tormenta: Acusaciones de fraude y v\u00ednculos familiares<\/h4>\n\n\n\n<p>El epicentro de la pol\u00e9mica radica en las revelaciones de Omar Harfouch, m\u00fasico franco-liban\u00e9s y exmiembro del panel de jueces, quien renunci\u00f3 72 horas antes de la gala. Harfouch denunci\u00f3 haber sido \u00abenga\u00f1ado y utilizado\u00bb por un \u00abgrupo externo\u00bb que intervino en la selecci\u00f3n de las 30 finalistas. Afirm\u00f3 que 24 horas antes de la coronaci\u00f3n ya sab\u00eda que Bosch ganar\u00eda, debido a presuntos lazos comerciales entre el presidente de Miss Universo, Ra\u00fal Rocha Cant\u00fa, y el padre de la ganadora, Bernardo Bosch Hern\u00e1ndez \u2014un controvertido empresario tabasque\u00f1o inhabilitado en 2025 por presunto enriquecimiento il\u00edcito en Pemex.<\/p>\n\n\n\n<p>Harfouch calific\u00f3 a Bosch como una \u00abfalsa ganadora\u00bb y prometi\u00f3 presentar pruebas en medios internacionales, lo que ha polarizado opiniones. Por un lado, celebridades como Miss Espa\u00f1a 2025, Andrea Valero \u2014compa\u00f1era de habitaci\u00f3n de Bosch\u2014, la defendi\u00f3: \u00abVerla triunfar me llen\u00f3 nada m\u00e1s que felicidad\u00bb. Del otro, internautas y exparticipantes revivieron la controversia de su victoria en Miss M\u00e9xico 2025, donde 25 de 32 candidatas corrieron a abrazar a la subcampeona, Yoana Guti\u00e9rrez, insinuando favoritismo.<\/p>\n\n\n\n<p>En M\u00e9xico, el j\u00fabilo es palpable: la presidenta Claudia Sheinbaum la felicit\u00f3 p\u00fablicamente, destac\u00e1ndola como \u00abun ejemplo de valent\u00eda\u00bb. Sin embargo, el debate global cuestiona la integridad del certamen, recordando cr\u00edticas hist\u00f3ricas sobre su formato y posibles sesgos.<\/p>\n\n\n\n<h4 class=\"wp-block-heading\">\u00bfQu\u00e9 sigue para Miss Universo?<\/h4>\n\n\n\n<p>La organizaci\u00f3n insiste en que no hubo influencias externas y que Bosch, de 25 a\u00f1os y originaria de Tabasco, fue elegida por su carisma y plataforma social. Mientras Harfouch prepara m\u00e1s revelaciones, las redes arden con hashtags como #MissUniversofraude y #FatimaBoschReina. Este esc\u00e1ndalo podr\u00eda redefinir la edici\u00f3n 2025, impulsando reformas o, al contrario, reforzando la narrativa de empoderamiento que promueve el evento. Por ahora, Bosch se prepara para su reinado de un a\u00f1o, en medio de un torbellino que trasciende las pasarelas.<\/p>\n","protected":false},"excerpt":{"rendered":"<div class=\"mh-excerpt\"><p>Pol\u00e9mica en Miss Universo 2025: Miss Indonesia y Ecuador cuestionan el triunfo de F\u00e1tima Bosch con mensajes emotivos y acusaciones de irregularidades El triunfo de <a class=\"mh-excerpt-more\" href=\"https:\/\/interaccioninformativa.mx\/index.php\/2025\/11\/24\/polemica-en-miss-universo-2025-miss-indonesia-y-ecuador-cuestionan-el-triunfo-de-fatima-bosch-con-mensajes-emotivos-y-acusaciones-de-irregularidades\/\" title=\"Pol\u00e9mica en Miss Universo 2025: Miss Indonesia y Ecuador cuestionan el triunfo de F\u00e1tima Bosch con mensajes emotivos y acusaciones de irregularidades\">[&#8230;]<\/a><\/p>\n<\/div>","protected":false},"author":1,"featured_media":1874,"comment_status":"open","ping_status":"closed","sticky":false,"template":"","format":"standard","meta":{"footnotes":""},"categories":[1],"tags":[],"class_list":["post-1873","post","type-post","status-publish","format-standard","has-post-thumbnail","hentry","category-noticias"],"_links":{"self":[{"href":"https:\/\/interaccioninformativa.mx\/index.php\/wp-json\/wp\/v2\/posts\/1873","targetHints":{"allow":["GET"]}}],"collection":[{"href":"https:\/\/interaccioninformativa.mx\/index.php\/wp-json\/wp\/v2\/posts"}],"about":[{"href":"https:\/\/interaccioninformativa.mx\/index.php\/wp-json\/wp\/v2\/types\/post"}],"author":[{"embeddable":true,"href":"https:\/\/interaccioninformativa.mx\/index.php\/wp-json\/wp\/v2\/users\/1"}],"replies":[{"embeddable":true,"href":"https:\/\/interaccioninformativa.mx\/index.php\/wp-json\/wp\/v2\/comments?post=1873"}],"version-history":[{"count":1,"href":"https:\/\/interaccioninformativa.mx\/index.php\/wp-json\/wp\/v2\/posts\/1873\/revisions"}],"predecessor-version":[{"id":1875,"href":"https:\/\/interaccioninformativa.mx\/index.php\/wp-json\/wp\/v2\/posts\/1873\/revisions\/1875"}],"wp:featuredmedia":[{"embeddable":true,"href":"https:\/\/interaccioninformativa.mx\/index.php\/wp-json\/wp\/v2\/media\/1874"}],"wp:attachment":[{"href":"https:\/\/interaccioninformativa.mx\/index.php\/wp-json\/wp\/v2\/media?parent=1873"}],"wp:term":[{"taxonomy":"category","embeddable":true,"href":"https:\/\/interaccioninformativa.mx\/index.php\/wp-json\/wp\/v2\/categories?post=1873"},{"taxonomy":"post_tag","embeddable":true,"href":"https:\/\/interaccioninformativa.mx\/index.php\/wp-json\/wp\/v2\/tags?post=1873"}],"curies":[{"name":"wp","href":"https:\/\/api.w.org\/{rel}","templated":true}]}}