{"id":1890,"date":"2025-11-26T16:41:08","date_gmt":"2025-11-26T16:41:08","guid":{"rendered":"https:\/\/interaccioninformativa.mx\/?p=1890"},"modified":"2025-11-26T16:41:08","modified_gmt":"2025-11-26T16:41:08","slug":"nuevo-frente-frio-ingresara-al-pais-y-provocara-lluvias-torrenciales-en-la-ciudad-de-mexico-y-el-area-metropolitana-hasta-el-jueves","status":"publish","type":"post","link":"https:\/\/interaccioninformativa.mx\/index.php\/2025\/11\/26\/nuevo-frente-frio-ingresara-al-pais-y-provocara-lluvias-torrenciales-en-la-ciudad-de-mexico-y-el-area-metropolitana-hasta-el-jueves\/","title":{"rendered":"Nuevo frente fr\u00edo ingresar\u00e1 al pa\u00eds y provocar\u00e1 lluvias torrenciales en la Ciudad de M\u00e9xico y el \u00c1rea Metropolitana hasta el jueves"},"content":{"rendered":"\n<figure class=\"wp-block-image size-full\"><img loading=\"lazy\" decoding=\"async\" width=\"990\" height=\"557\" src=\"https:\/\/interaccioninformativa.mx\/wp-content\/uploads\/2025\/11\/un-nuevo-frente-frio-se-desplazara-y-provocara-lluvias-torrenciales-hasta-el-jueves-en-el-area-metropolitana-XROX3VTFSFDYBH7MRFKLMAMVDI.avif\" alt=\"\" class=\"wp-image-1891\" srcset=\"https:\/\/interaccioninformativa.mx\/wp-content\/uploads\/2025\/11\/un-nuevo-frente-frio-se-desplazara-y-provocara-lluvias-torrenciales-hasta-el-jueves-en-el-area-metropolitana-XROX3VTFSFDYBH7MRFKLMAMVDI.avif 990w, https:\/\/interaccioninformativa.mx\/wp-content\/uploads\/2025\/11\/un-nuevo-frente-frio-se-desplazara-y-provocara-lluvias-torrenciales-hasta-el-jueves-en-el-area-metropolitana-XROX3VTFSFDYBH7MRFKLMAMVDI-300x169.avif 300w, https:\/\/interaccioninformativa.mx\/wp-content\/uploads\/2025\/11\/un-nuevo-frente-frio-se-desplazara-y-provocara-lluvias-torrenciales-hasta-el-jueves-en-el-area-metropolitana-XROX3VTFSFDYBH7MRFKLMAMVDI-768x432.avif 768w, https:\/\/interaccioninformativa.mx\/wp-content\/uploads\/2025\/11\/un-nuevo-frente-frio-se-desplazara-y-provocara-lluvias-torrenciales-hasta-el-jueves-en-el-area-metropolitana-XROX3VTFSFDYBH7MRFKLMAMVDI-678x381.avif 678w\" sizes=\"auto, (max-width: 990px) 100vw, 990px\" \/><\/figure>\n\n\n\n<p>El Valle de M\u00e9xico se alista para una semana de cambios clim\u00e1ticos significativos, impulsados por el inminente avance del Frente Fr\u00edo n\u00famero 16. Los habitantes de la Ciudad de M\u00e9xico y el Estado de M\u00e9xico deben adaptar sus planes diarios ante el descenso general de temperaturas y la llegada de precipitaciones, seg\u00fan el Servicio Meteorol\u00f3gico Nacional (SMN) de la Conagua. Este sistema frontal definir\u00e1 el panorama del 24 al 27 de noviembre, trayendo un invierno anticipado al centro del pa\u00eds, con condiciones que oscilar\u00e1n de fr\u00edas a muy fr\u00edas.<\/p>\n\n\n\n<h3 class=\"wp-block-heading\">Cu\u00e1ndo llegar\u00e1n las lluvias y el descenso de temperaturas<\/h3>\n\n\n\n<p>Aunque los impactos m\u00e1s intensos se concentran en el norte, la capital y su zona metropolitana sentir\u00e1n la influencia de fen\u00f3menos asociados. Se pronostican lluvias aisladas y chubascos ligeros en la CDMX y el Edomex durante los pr\u00f3ximos d\u00edas, provocados por canales de baja presi\u00f3n en el oriente y sureste, junto con la constante entrada de humedad del Golfo de M\u00e9xico y el Pac\u00edfico. Esto mantendr\u00e1 cielos nublados de forma intermitente. Adem\u00e1s, se esperan vientos con rachas moderadas en el centro, de hasta 30 a 50 km\/h, que acentuar\u00e1n la percepci\u00f3n de fr\u00edo; se insta a extremar precauciones por posibles r\u00e1fagas fuertes.<\/p>\n","protected":false},"excerpt":{"rendered":"<div class=\"mh-excerpt\"><p>El Valle de M\u00e9xico se alista para una semana de cambios clim\u00e1ticos significativos, impulsados por el inminente avance del Frente Fr\u00edo n\u00famero 16. Los habitantes <a class=\"mh-excerpt-more\" href=\"https:\/\/interaccioninformativa.mx\/index.php\/2025\/11\/26\/nuevo-frente-frio-ingresara-al-pais-y-provocara-lluvias-torrenciales-en-la-ciudad-de-mexico-y-el-area-metropolitana-hasta-el-jueves\/\" title=\"Nuevo frente fr\u00edo ingresar\u00e1 al pa\u00eds y provocar\u00e1 lluvias torrenciales en la Ciudad de M\u00e9xico y el \u00c1rea Metropolitana hasta el jueves\">[&#8230;]<\/a><\/p>\n<\/div>","protected":false},"author":1,"featured_media":1891,"comment_status":"open","ping_status":"closed","sticky":false,"template":"","format":"standard","meta":{"footnotes":""},"categories":[1],"tags":[],"class_list":["post-1890","post","type-post","status-publish","format-standard","has-post-thumbnail","hentry","category-noticias"],"_links":{"self":[{"href":"https:\/\/interaccioninformativa.mx\/index.php\/wp-json\/wp\/v2\/posts\/1890","targetHints":{"allow":["GET"]}}],"collection":[{"href":"https:\/\/interaccioninformativa.mx\/index.php\/wp-json\/wp\/v2\/posts"}],"about":[{"href":"https:\/\/interaccioninformativa.mx\/index.php\/wp-json\/wp\/v2\/types\/post"}],"author":[{"embeddable":true,"href":"https:\/\/interaccioninformativa.mx\/index.php\/wp-json\/wp\/v2\/users\/1"}],"replies":[{"embeddable":true,"href":"https:\/\/interaccioninformativa.mx\/index.php\/wp-json\/wp\/v2\/comments?post=1890"}],"version-history":[{"count":1,"href":"https:\/\/interaccioninformativa.mx\/index.php\/wp-json\/wp\/v2\/posts\/1890\/revisions"}],"predecessor-version":[{"id":1892,"href":"https:\/\/interaccioninformativa.mx\/index.php\/wp-json\/wp\/v2\/posts\/1890\/revisions\/1892"}],"wp:featuredmedia":[{"embeddable":true,"href":"https:\/\/interaccioninformativa.mx\/index.php\/wp-json\/wp\/v2\/media\/1891"}],"wp:attachment":[{"href":"https:\/\/interaccioninformativa.mx\/index.php\/wp-json\/wp\/v2\/media?parent=1890"}],"wp:term":[{"taxonomy":"category","embeddable":true,"href":"https:\/\/interaccioninformativa.mx\/index.php\/wp-json\/wp\/v2\/categories?post=1890"},{"taxonomy":"post_tag","embeddable":true,"href":"https:\/\/interaccioninformativa.mx\/index.php\/wp-json\/wp\/v2\/tags?post=1890"}],"curies":[{"name":"wp","href":"https:\/\/api.w.org\/{rel}","templated":true}]}}