{"id":1898,"date":"2025-11-27T16:46:41","date_gmt":"2025-11-27T16:46:41","guid":{"rendered":"https:\/\/interaccioninformativa.mx\/?p=1898"},"modified":"2025-11-27T16:46:41","modified_gmt":"2025-11-27T16:46:41","slug":"renunciara-alejandro-gertz-manero-a-la-fiscalia-general-de-la-republica-en-directo-desde-la-sesion-del-senado","status":"publish","type":"post","link":"https:\/\/interaccioninformativa.mx\/index.php\/2025\/11\/27\/renunciara-alejandro-gertz-manero-a-la-fiscalia-general-de-la-republica-en-directo-desde-la-sesion-del-senado\/","title":{"rendered":"\u00bfRenunciar\u00e1 Alejandro Gertz Manero a la Fiscal\u00eda General de la Rep\u00fablica? EN DIRECTO desde la sesi\u00f3n del Senado"},"content":{"rendered":"\n<figure class=\"wp-block-image size-large\"><img loading=\"lazy\" decoding=\"async\" width=\"1024\" height=\"576\" src=\"https:\/\/interaccioninformativa.mx\/wp-content\/uploads\/2025\/11\/7AW2GPEPIZFLVG6PEECUWUH2X4-1-1024x576.avif\" alt=\"\" class=\"wp-image-1899\" srcset=\"https:\/\/interaccioninformativa.mx\/wp-content\/uploads\/2025\/11\/7AW2GPEPIZFLVG6PEECUWUH2X4-1-1024x576.avif 1024w, https:\/\/interaccioninformativa.mx\/wp-content\/uploads\/2025\/11\/7AW2GPEPIZFLVG6PEECUWUH2X4-1-300x169.avif 300w, https:\/\/interaccioninformativa.mx\/wp-content\/uploads\/2025\/11\/7AW2GPEPIZFLVG6PEECUWUH2X4-1-768x432.avif 768w, https:\/\/interaccioninformativa.mx\/wp-content\/uploads\/2025\/11\/7AW2GPEPIZFLVG6PEECUWUH2X4-1-678x381.avif 678w, https:\/\/interaccioninformativa.mx\/wp-content\/uploads\/2025\/11\/7AW2GPEPIZFLVG6PEECUWUH2X4-1.avif 1200w\" sizes=\"auto, (max-width: 1024px) 100vw, 1024px\" \/><\/figure>\n\n\n\n<p>En las \u00faltimas horas han circulado rumores sobre la posible renuncia de Alejandro Gertz Manero, titular de la Fiscal\u00eda General de la Rep\u00fablica (FGR), lo que llev\u00f3 al Senado a convocar una sesi\u00f3n extraordinaria para abordar el asunto este jueves 27 de noviembre. La sesi\u00f3n plenaria iniciar\u00e1 a las 10:00 horas, adelant\u00e1ndose una hora respecto a lo inicialmente previsto (11:00 horas). Cabe destacar que, para este d\u00eda, no se hab\u00eda agendado ning\u00fan tema de alta relevancia que requiriera la atenci\u00f3n inmediata de la C\u00e1mara Alta. Esta convocatoria ha generado sorpresa, ya que las sesiones plenarias del Senado suelen celebrarse los martes y mi\u00e9rcoles, mientras que los jueves se destinan a \u00abtrabajo de campo\u00bb por parte de los legisladores, seg\u00fan fuentes period\u00edsticas especializadas.<\/p>\n\n\n\n<p>De acuerdo con la orden del d\u00eda, adem\u00e1s del tema central, se abordar\u00e1n otros asuntos como informes de legisladores, actividades de comisiones especiales y uno relacionado con el Banco de M\u00e9xico, enfocado en pol\u00edtica monetaria, inflaci\u00f3n y otros indicadores econ\u00f3micos. En caso de que se confirme la renuncia de Gertz Manero, el Senado integrar\u00eda una terna de candidatos, elaborar\u00eda una lista de 10 personas aptas para el cargo \u2014aprobada por mayor\u00eda calificada\u2014 y la ratificar\u00eda con el voto de las dos terceras partes.<\/p>\n\n\n\n<h3 class=\"wp-block-heading\">\u00bfQu\u00e9 se sabe hasta ahora sobre la renuncia del fiscal Gertz Manero?<\/h3>\n\n\n\n<p>El rumor sobre la dimisi\u00f3n de Gertz Manero se origin\u00f3 en redes sociales, donde se difundieron versiones atribuidas a \u00abfuentes de alto nivel\u00bb que aseguran que el funcionario present\u00f3 su renuncia entre el lunes y el martes, citando \u00abproblemas de salud\u00bb como motivo principal. Hasta el momento, la presidenta Claudia Sheinbaum no ha emitido declaraci\u00f3n alguna al respecto, aunque se anticipa que podr\u00eda aclarar la situaci\u00f3n durante su conferencia matutina de este jueves 27 de noviembre.<\/p>\n\n\n\n<p>En las \u00faltimas semanas, periodistas han cuestionado la ausencia prolongada del fiscal en las \u00abma\u00f1aneras\u00bb de la presidenta Sheinbaum, a lo que ella respondi\u00f3 que Gertz Manero solo est\u00e1 obligado a asistir una vez al mes y que permanece al tanto de las reuniones del gabinete de seguridad.<\/p>\n","protected":false},"excerpt":{"rendered":"<div class=\"mh-excerpt\"><p>En las \u00faltimas horas han circulado rumores sobre la posible renuncia de Alejandro Gertz Manero, titular de la Fiscal\u00eda General de la Rep\u00fablica (FGR), lo <a class=\"mh-excerpt-more\" href=\"https:\/\/interaccioninformativa.mx\/index.php\/2025\/11\/27\/renunciara-alejandro-gertz-manero-a-la-fiscalia-general-de-la-republica-en-directo-desde-la-sesion-del-senado\/\" title=\"\u00bfRenunciar\u00e1 Alejandro Gertz Manero a la Fiscal\u00eda General de la Rep\u00fablica? EN DIRECTO desde la sesi\u00f3n del Senado\">[&#8230;]<\/a><\/p>\n<\/div>","protected":false},"author":1,"featured_media":1899,"comment_status":"open","ping_status":"closed","sticky":false,"template":"","format":"standard","meta":{"footnotes":""},"categories":[1],"tags":[],"class_list":["post-1898","post","type-post","status-publish","format-standard","has-post-thumbnail","hentry","category-noticias"],"_links":{"self":[{"href":"https:\/\/interaccioninformativa.mx\/index.php\/wp-json\/wp\/v2\/posts\/1898","targetHints":{"allow":["GET"]}}],"collection":[{"href":"https:\/\/interaccioninformativa.mx\/index.php\/wp-json\/wp\/v2\/posts"}],"about":[{"href":"https:\/\/interaccioninformativa.mx\/index.php\/wp-json\/wp\/v2\/types\/post"}],"author":[{"embeddable":true,"href":"https:\/\/interaccioninformativa.mx\/index.php\/wp-json\/wp\/v2\/users\/1"}],"replies":[{"embeddable":true,"href":"https:\/\/interaccioninformativa.mx\/index.php\/wp-json\/wp\/v2\/comments?post=1898"}],"version-history":[{"count":1,"href":"https:\/\/interaccioninformativa.mx\/index.php\/wp-json\/wp\/v2\/posts\/1898\/revisions"}],"predecessor-version":[{"id":1900,"href":"https:\/\/interaccioninformativa.mx\/index.php\/wp-json\/wp\/v2\/posts\/1898\/revisions\/1900"}],"wp:featuredmedia":[{"embeddable":true,"href":"https:\/\/interaccioninformativa.mx\/index.php\/wp-json\/wp\/v2\/media\/1899"}],"wp:attachment":[{"href":"https:\/\/interaccioninformativa.mx\/index.php\/wp-json\/wp\/v2\/media?parent=1898"}],"wp:term":[{"taxonomy":"category","embeddable":true,"href":"https:\/\/interaccioninformativa.mx\/index.php\/wp-json\/wp\/v2\/categories?post=1898"},{"taxonomy":"post_tag","embeddable":true,"href":"https:\/\/interaccioninformativa.mx\/index.php\/wp-json\/wp\/v2\/tags?post=1898"}],"curies":[{"name":"wp","href":"https:\/\/api.w.org\/{rel}","templated":true}]}}