{"id":1904,"date":"2025-11-27T17:02:41","date_gmt":"2025-11-27T17:02:41","guid":{"rendered":"https:\/\/interaccioninformativa.mx\/?p=1904"},"modified":"2025-11-27T17:02:41","modified_gmt":"2025-11-27T17:02:41","slug":"militares-toman-el-control-de-guinea-bisau-y-suspenden-el-proceso-electoral","status":"publish","type":"post","link":"https:\/\/interaccioninformativa.mx\/index.php\/2025\/11\/27\/militares-toman-el-control-de-guinea-bisau-y-suspenden-el-proceso-electoral\/","title":{"rendered":"Militares toman el control de Guinea-Bis\u00e1u y suspenden el proceso electoral"},"content":{"rendered":"\n<figure class=\"wp-block-image size-full\"><img loading=\"lazy\" decoding=\"async\" width=\"770\" height=\"530\" src=\"https:\/\/interaccioninformativa.mx\/wp-content\/uploads\/2025\/11\/3423918.webp\" alt=\"\" class=\"wp-image-1905\" srcset=\"https:\/\/interaccioninformativa.mx\/wp-content\/uploads\/2025\/11\/3423918.webp 770w, https:\/\/interaccioninformativa.mx\/wp-content\/uploads\/2025\/11\/3423918-300x206.webp 300w, https:\/\/interaccioninformativa.mx\/wp-content\/uploads\/2025\/11\/3423918-768x529.webp 768w\" sizes=\"auto, (max-width: 770px) 100vw, 770px\" \/><\/figure>\n\n\n\n<p>Un grupo de militares de Guinea-Bis\u00e1u anunci\u00f3 este mi\u00e9rcoles 26 de noviembre de 2025 que ha asumido el \u00abcontrol total del pa\u00eds\u00bb, suspendiendo de manera inmediata el proceso electoral en curso y ordenando el cierre de fronteras y el espacio a\u00e9reo \u00abhasta nuevo aviso\u00bb. Esta acci\u00f3n se produce tres d\u00edas despu\u00e9s de las elecciones generales presidenciales y legislativas celebradas el domingo 23 de noviembre, cuyos resultados provisionales estaban programados para publicarse este jueves 27 de noviembre, pero que a\u00fan no se han divulgado oficialmente.<\/p>\n\n\n\n<p>El portavoz del grupo, el general Denis N\u2019Canha \u2014responsable militar del palacio presidencial\u2014, ley\u00f3 un comunicado en el Cuartel General de las Fuerzas Armadas en la capital, Bis\u00e1u, donde se present\u00f3 como el \u00abAlto Mando Militar para la Restauraci\u00f3n del Orden Nacional\u00bb. En su declaraci\u00f3n, N\u2019Canha justific\u00f3 la intervenci\u00f3n alegando el \u00abdescubrimiento\u00bb de un supuesto plan de desestabilizaci\u00f3n orquestado por \u00abalgunos pol\u00edticos nacionales, con la participaci\u00f3n de un conocido bar\u00f3n de la droga nacional y extranjero\u00bb, que incluir\u00eda intentos de manipular los resultados electorales. Sin embargo, no se presentaron evidencias p\u00fablicas al respecto.<\/p>\n\n\n\n<p>Entre las medidas decretadas se encuentran:<\/p>\n\n\n\n<ul class=\"wp-block-list\">\n<li>La destituci\u00f3n \u00abinmediata\u00bb del presidente Umaro Sissoco Embal\u00f3.<\/li>\n\n\n\n<li>El cierre de todas las instituciones estatales.<\/li>\n\n\n\n<li>La suspensi\u00f3n de las actividades de los medios de comunicaci\u00f3n social.<\/li>\n\n\n\n<li>Un toque de queda nacional de 19:00 a 06:00 horas (hora local, GMT).<\/li>\n\n\n\n<li>El bloqueo de accesos a redes sociales como Facebook, TikTok y YouTube, ordenado a las empresas de telecomunicaciones.<\/li>\n<\/ul>\n\n\n\n<p>Testigos reportaron intensos tiroteos en el centro de Bis\u00e1u durante aproximadamente una hora, cerca de la sede de la Comisi\u00f3n Electoral Nacional (CNE), el Ministerio del Interior y el palacio presidencial. Soldados encapuchados y armados bloquearon calles clave y edificios gubernamentales, mientras irrump\u00edan en emisoras de radio para ordenar el cese inmediato de transmisiones. Fuentes del Ministerio del Interior confirmaron que hombres armados tambi\u00e9n intentaron atacar el palacio presidencial y la CNE.<\/p>\n\n\n\n<p>Tanto el presidente Embal\u00f3 como su principal rival, Fernando Dias, se hab\u00edan autoproclamado ganadores del primer turno electoral, lo que exacerb\u00f3 las tensiones previas al recuento. Videos difundidos en redes sociales capturaron detonaciones y escenas de p\u00e1nico, con residentes huyendo de las zonas afectadas.<\/p>\n\n\n\n<p>Guinea-Bis\u00e1u, uno de los pa\u00edses m\u00e1s inestables de \u00c1frica occidental, ha sufrido al menos cuatro golpes de Estado exitosos desde su independencia de Portugal en 1974 (en 1980, 1998-1999, 2003 y 2012), adem\u00e1s de m\u00faltiples intentos fallidos. La naci\u00f3n ha sido calificada como un \u00abnarco-Estado\u00bb por la ONU debido a su rol en el tr\u00e1nsito de coca\u00edna desde Am\u00e9rica Latina hacia Europa, aprovechando su geograf\u00eda costera. Esta nueva crisis subraya la fragilidad de su democracia y la recurrente injerencia militar en la pol\u00edtica.<\/p>\n","protected":false},"excerpt":{"rendered":"<div class=\"mh-excerpt\"><p>Un grupo de militares de Guinea-Bis\u00e1u anunci\u00f3 este mi\u00e9rcoles 26 de noviembre de 2025 que ha asumido el \u00abcontrol total del pa\u00eds\u00bb, suspendiendo de manera <a class=\"mh-excerpt-more\" href=\"https:\/\/interaccioninformativa.mx\/index.php\/2025\/11\/27\/militares-toman-el-control-de-guinea-bisau-y-suspenden-el-proceso-electoral\/\" title=\"Militares toman el control de Guinea-Bis\u00e1u y suspenden el proceso electoral\">[&#8230;]<\/a><\/p>\n<\/div>","protected":false},"author":1,"featured_media":1905,"comment_status":"open","ping_status":"closed","sticky":false,"template":"","format":"standard","meta":{"footnotes":""},"categories":[1],"tags":[],"class_list":["post-1904","post","type-post","status-publish","format-standard","has-post-thumbnail","hentry","category-noticias"],"_links":{"self":[{"href":"https:\/\/interaccioninformativa.mx\/index.php\/wp-json\/wp\/v2\/posts\/1904","targetHints":{"allow":["GET"]}}],"collection":[{"href":"https:\/\/interaccioninformativa.mx\/index.php\/wp-json\/wp\/v2\/posts"}],"about":[{"href":"https:\/\/interaccioninformativa.mx\/index.php\/wp-json\/wp\/v2\/types\/post"}],"author":[{"embeddable":true,"href":"https:\/\/interaccioninformativa.mx\/index.php\/wp-json\/wp\/v2\/users\/1"}],"replies":[{"embeddable":true,"href":"https:\/\/interaccioninformativa.mx\/index.php\/wp-json\/wp\/v2\/comments?post=1904"}],"version-history":[{"count":1,"href":"https:\/\/interaccioninformativa.mx\/index.php\/wp-json\/wp\/v2\/posts\/1904\/revisions"}],"predecessor-version":[{"id":1906,"href":"https:\/\/interaccioninformativa.mx\/index.php\/wp-json\/wp\/v2\/posts\/1904\/revisions\/1906"}],"wp:featuredmedia":[{"embeddable":true,"href":"https:\/\/interaccioninformativa.mx\/index.php\/wp-json\/wp\/v2\/media\/1905"}],"wp:attachment":[{"href":"https:\/\/interaccioninformativa.mx\/index.php\/wp-json\/wp\/v2\/media?parent=1904"}],"wp:term":[{"taxonomy":"category","embeddable":true,"href":"https:\/\/interaccioninformativa.mx\/index.php\/wp-json\/wp\/v2\/categories?post=1904"},{"taxonomy":"post_tag","embeddable":true,"href":"https:\/\/interaccioninformativa.mx\/index.php\/wp-json\/wp\/v2\/tags?post=1904"}],"curies":[{"name":"wp","href":"https:\/\/api.w.org\/{rel}","templated":true}]}}