{"id":1908,"date":"2025-11-28T17:25:57","date_gmt":"2025-11-28T17:25:57","guid":{"rendered":"https:\/\/interaccioninformativa.mx\/?p=1908"},"modified":"2025-11-28T17:25:57","modified_gmt":"2025-11-28T17:25:57","slug":"sheinbaum-respecto-a-la-renuncia-de-gertz-manero-le-ofreci-una-embajada-y-la-acepto","status":"publish","type":"post","link":"https:\/\/interaccioninformativa.mx\/index.php\/2025\/11\/28\/sheinbaum-respecto-a-la-renuncia-de-gertz-manero-le-ofreci-una-embajada-y-la-acepto\/","title":{"rendered":"Sheinbaum, respecto a la renuncia de Gertz Manero: \u00abLe ofrec\u00ed una embajada y la acept\u00f3\u00bb."},"content":{"rendered":"\n<figure class=\"wp-block-image size-large\"><img loading=\"lazy\" decoding=\"async\" width=\"1024\" height=\"683\" src=\"https:\/\/interaccioninformativa.mx\/wp-content\/uploads\/2025\/11\/XSO26WDJCVBNNJQPIOY6KFUET4-1024x683.avif\" alt=\"\" class=\"wp-image-1909\" srcset=\"https:\/\/interaccioninformativa.mx\/wp-content\/uploads\/2025\/11\/XSO26WDJCVBNNJQPIOY6KFUET4-1024x683.avif 1024w, https:\/\/interaccioninformativa.mx\/wp-content\/uploads\/2025\/11\/XSO26WDJCVBNNJQPIOY6KFUET4-300x200.avif 300w, https:\/\/interaccioninformativa.mx\/wp-content\/uploads\/2025\/11\/XSO26WDJCVBNNJQPIOY6KFUET4-768x512.avif 768w, https:\/\/interaccioninformativa.mx\/wp-content\/uploads\/2025\/11\/XSO26WDJCVBNNJQPIOY6KFUET4.avif 1200w\" sizes=\"auto, (max-width: 1024px) 100vw, 1024px\" \/><\/figure>\n\n\n\n<p>La presidenta Claudia Sheinbaum cerr\u00f3 el tema de la renuncia de Alejandro Gertz Manero a la Fiscal\u00eda General de la Rep\u00fablica con una frase contundente: \u00abAs\u00ed fue: le ofrec\u00ed una embajada al fiscal y acept\u00f3. Llevaba siete a\u00f1os en el cargo, est\u00e1 por cumplirlos, y qu\u00e9 bueno que acept\u00f3 ser embajador de M\u00e9xico\u00bb.<\/p>\n\n\n\n<p>Sheinbaum evit\u00f3 precisar a qu\u00e9 pa\u00eds ser\u00e1 enviado Gertz \u00abpara respetar el proceso\u00bb que lleva la Secretar\u00eda de Relaciones Exteriores. S\u00ed adelant\u00f3 que espera una relaci\u00f3n m\u00e1s fluida con la nueva FGR: \u00abRespetamos mucho al doctor Gertz, pero ahora queremos que haya todav\u00eda m\u00e1s coordinaci\u00f3n con la nueva Fiscal\u00eda\u00bb.<\/p>\n\n\n\n<p>Sobre la sucesi\u00f3n, confirm\u00f3 que Gertz design\u00f3 \u2014como marca la ley\u2014 a Ernestina Godoy como encargada de despacho del \u00c1rea de Control Competencial, cargo que asumi\u00f3 desde ayer. Godoy renunci\u00f3 a la Consejer\u00eda Jur\u00eddica de la Presidencia y tomar\u00e1 posesi\u00f3n formal en la FGR en las pr\u00f3ximas horas. En su lugar quedar\u00e1 como encargado de despacho Ra\u00fal Jim\u00e9nez, colaborador cercano de Godoy, mientras la presidenta anuncia al nuevo consejero o consejera la pr\u00f3xima semana.<\/p>\n\n\n\n<p>Preguntada directamente si le gustar\u00eda que Ernestina Godoy fuera la titular definitiva, Sheinbaum respondi\u00f3: \u00abErnestina es una mujer extraordinaria, honesta, de principios y convicciones firmes; demostr\u00f3 resultados cuando fue fiscal de la Ciudad de M\u00e9xico. Pero la decisi\u00f3n final le corresponde al Senado\u00bb.<\/p>\n\n\n\n<p>Gertz Manero present\u00f3 su renuncia la tarde del jueves, tras casi 12 horas de intensas negociaciones. Su salida no fue sencilla: llevaba semanas resisti\u00e9ndose a las presiones de Palacio Nacional para que dejara el puesto a alguien del c\u00edrculo m\u00e1s cercano de la presidenta. Legalmente pod\u00eda permanecer hasta 2028, gracias a la reforma que cre\u00f3 la Fiscal\u00eda aut\u00f3noma y le permiti\u00f3 trascender el sexenio. Finalmente cedi\u00f3 a cambio de una embajada.<\/p>\n","protected":false},"excerpt":{"rendered":"<div class=\"mh-excerpt\"><p>La presidenta Claudia Sheinbaum cerr\u00f3 el tema de la renuncia de Alejandro Gertz Manero a la Fiscal\u00eda General de la Rep\u00fablica con una frase contundente: <a class=\"mh-excerpt-more\" href=\"https:\/\/interaccioninformativa.mx\/index.php\/2025\/11\/28\/sheinbaum-respecto-a-la-renuncia-de-gertz-manero-le-ofreci-una-embajada-y-la-acepto\/\" title=\"Sheinbaum, respecto a la renuncia de Gertz Manero: \u00abLe ofrec\u00ed una embajada y la acept\u00f3\u00bb.\">[&#8230;]<\/a><\/p>\n<\/div>","protected":false},"author":1,"featured_media":1909,"comment_status":"open","ping_status":"closed","sticky":false,"template":"","format":"standard","meta":{"footnotes":""},"categories":[1],"tags":[],"class_list":["post-1908","post","type-post","status-publish","format-standard","has-post-thumbnail","hentry","category-noticias"],"_links":{"self":[{"href":"https:\/\/interaccioninformativa.mx\/index.php\/wp-json\/wp\/v2\/posts\/1908","targetHints":{"allow":["GET"]}}],"collection":[{"href":"https:\/\/interaccioninformativa.mx\/index.php\/wp-json\/wp\/v2\/posts"}],"about":[{"href":"https:\/\/interaccioninformativa.mx\/index.php\/wp-json\/wp\/v2\/types\/post"}],"author":[{"embeddable":true,"href":"https:\/\/interaccioninformativa.mx\/index.php\/wp-json\/wp\/v2\/users\/1"}],"replies":[{"embeddable":true,"href":"https:\/\/interaccioninformativa.mx\/index.php\/wp-json\/wp\/v2\/comments?post=1908"}],"version-history":[{"count":1,"href":"https:\/\/interaccioninformativa.mx\/index.php\/wp-json\/wp\/v2\/posts\/1908\/revisions"}],"predecessor-version":[{"id":1910,"href":"https:\/\/interaccioninformativa.mx\/index.php\/wp-json\/wp\/v2\/posts\/1908\/revisions\/1910"}],"wp:featuredmedia":[{"embeddable":true,"href":"https:\/\/interaccioninformativa.mx\/index.php\/wp-json\/wp\/v2\/media\/1909"}],"wp:attachment":[{"href":"https:\/\/interaccioninformativa.mx\/index.php\/wp-json\/wp\/v2\/media?parent=1908"}],"wp:term":[{"taxonomy":"category","embeddable":true,"href":"https:\/\/interaccioninformativa.mx\/index.php\/wp-json\/wp\/v2\/categories?post=1908"},{"taxonomy":"post_tag","embeddable":true,"href":"https:\/\/interaccioninformativa.mx\/index.php\/wp-json\/wp\/v2\/tags?post=1908"}],"curies":[{"name":"wp","href":"https:\/\/api.w.org\/{rel}","templated":true}]}}