{"id":1914,"date":"2025-11-28T17:29:28","date_gmt":"2025-11-28T17:29:28","guid":{"rendered":"https:\/\/interaccioninformativa.mx\/?p=1914"},"modified":"2025-11-28T17:29:28","modified_gmt":"2025-11-28T17:29:28","slug":"fiscalia-de-michoacan-confirma-orden-de-aprehension-contra-el-jefe-de-escoltas-de-carlos-manzo","status":"publish","type":"post","link":"https:\/\/interaccioninformativa.mx\/index.php\/2025\/11\/28\/fiscalia-de-michoacan-confirma-orden-de-aprehension-contra-el-jefe-de-escoltas-de-carlos-manzo\/","title":{"rendered":"Fiscal\u00eda de Michoac\u00e1n confirma orden de aprehensi\u00f3n contra el jefe de escoltas de Carlos Manzo"},"content":{"rendered":"\n<figure class=\"wp-block-image size-full\"><img loading=\"lazy\" decoding=\"async\" width=\"992\" height=\"558\" src=\"https:\/\/interaccioninformativa.mx\/wp-content\/uploads\/2025\/11\/descarga-2.webp\" alt=\"\" class=\"wp-image-1915\" srcset=\"https:\/\/interaccioninformativa.mx\/wp-content\/uploads\/2025\/11\/descarga-2.webp 992w, https:\/\/interaccioninformativa.mx\/wp-content\/uploads\/2025\/11\/descarga-2-300x169.webp 300w, https:\/\/interaccioninformativa.mx\/wp-content\/uploads\/2025\/11\/descarga-2-768x432.webp 768w, https:\/\/interaccioninformativa.mx\/wp-content\/uploads\/2025\/11\/descarga-2-678x381.webp 678w\" sizes=\"auto, (max-width: 992px) 100vw, 992px\" \/><\/figure>\n\n\n\n<p>La Fiscal\u00eda General del Estado (FGE) de Michoac\u00e1n revel\u00f3 que existe una orden de aprehensi\u00f3n activa contra Jos\u00e9 Manuel Jim\u00e9nez Miranda, coronel del Ej\u00e9rcito Mexicano y exjefe de escoltas del alcalde asesinado Carlos Manzo Rodr\u00edguez, de Uruapan. Jim\u00e9nez, quien escap\u00f3 durante un operativo en el que fueron detenidos siete de sus subordinados, enfrenta cargos por homicidio calificado en comisi\u00f3n por omisi\u00f3n, relacionados con el atentado que acab\u00f3 con la vida del edil el 1 de noviembre de 2024, durante el Festival de las Velas en la plaza principal de la ciudad.<\/p>\n\n\n\n<p>Jim\u00e9nez Miranda hab\u00eda sido designado secretario de Seguridad P\u00fablica de Uruapan apenas el 1 de septiembre de 2024, pero ocup\u00f3 el cargo solo 28 d\u00edas. Su salida se debi\u00f3 a graves acusaciones de violencia familiar: presuntamente agredi\u00f3 a su esposa y la amenaz\u00f3 con una pistola, lo que llev\u00f3 al propio Manzo a cesarlo p\u00fablicamente el 28 de septiembre, exigiendo que se apartara hasta esclarecer los hechos. A pesar de este esc\u00e1ndalo, el alcalde lo reintegr\u00f3 a su c\u00edrculo \u00edntimo como jefe de escoltas, consider\u00e1ndolo un hombre de absoluta confianza. Adem\u00e1s, Jim\u00e9nez fue el responsable de reclutar a los siete guardaespaldas \u2014varios con experiencia militar\u2014 que formaban el n\u00facleo de la seguridad personal de Manzo.<\/p>\n\n\n\n<p>Este jueves, el juez Luis Fernando D\u00edaz Parra vincul\u00f3 a proceso a los siete escoltas detenidos la semana pasada en un operativo conjunto de autoridades estatales y federales, incluyendo la Guardia Nacional y la Secretar\u00eda de Seguridad. Los implicados \u2014seis hombres y una mujer\u2014 permanecen recluidos en el Centro de Alta Seguridad para Delitos de Alto Impacto No. 1, en Mil Cumbres, Charo, Michoac\u00e1n, bajo prisi\u00f3n preventiva. La FGE investiga su rol en el homicidio por omisi\u00f3n, ya que supuestamente fallaron en proteger al alcalde y, en un giro controvertido, uno de ellos habr\u00eda rematado al agresor de 17 a\u00f1os, V\u00edctor Manuel Ubaldo Vidales, quien fue abatido en el lugar tras disparar seis balazos contra Manzo.<\/p>\n\n\n\n<p>La pesquisa tambi\u00e9n apunta a una posible traici\u00f3n interna: se presume que un escolta filtr\u00f3 la ubicaci\u00f3n del alcalde al C\u00e1rtel Jalisco Nueva Generaci\u00f3n (CJNG), que habr\u00eda ordenado y financiado el ataque. Mientras Jim\u00e9nez permanece pr\u00f3fugo, la Fiscal\u00eda acelera su b\u00fasqueda y profundiza en la indagatoria para desmantelar la red de complicidades que rode\u00f3 el asesinato, en un contexto de crecientes amenazas contra funcionarios locales en Michoac\u00e1n.<\/p>\n","protected":false},"excerpt":{"rendered":"<div class=\"mh-excerpt\"><p>La Fiscal\u00eda General del Estado (FGE) de Michoac\u00e1n revel\u00f3 que existe una orden de aprehensi\u00f3n activa contra Jos\u00e9 Manuel Jim\u00e9nez Miranda, coronel del Ej\u00e9rcito Mexicano <a class=\"mh-excerpt-more\" href=\"https:\/\/interaccioninformativa.mx\/index.php\/2025\/11\/28\/fiscalia-de-michoacan-confirma-orden-de-aprehension-contra-el-jefe-de-escoltas-de-carlos-manzo\/\" title=\"Fiscal\u00eda de Michoac\u00e1n confirma orden de aprehensi\u00f3n contra el jefe de escoltas de Carlos Manzo\">[&#8230;]<\/a><\/p>\n<\/div>","protected":false},"author":1,"featured_media":1915,"comment_status":"open","ping_status":"closed","sticky":false,"template":"","format":"standard","meta":{"footnotes":""},"categories":[1],"tags":[],"class_list":["post-1914","post","type-post","status-publish","format-standard","has-post-thumbnail","hentry","category-noticias"],"_links":{"self":[{"href":"https:\/\/interaccioninformativa.mx\/index.php\/wp-json\/wp\/v2\/posts\/1914","targetHints":{"allow":["GET"]}}],"collection":[{"href":"https:\/\/interaccioninformativa.mx\/index.php\/wp-json\/wp\/v2\/posts"}],"about":[{"href":"https:\/\/interaccioninformativa.mx\/index.php\/wp-json\/wp\/v2\/types\/post"}],"author":[{"embeddable":true,"href":"https:\/\/interaccioninformativa.mx\/index.php\/wp-json\/wp\/v2\/users\/1"}],"replies":[{"embeddable":true,"href":"https:\/\/interaccioninformativa.mx\/index.php\/wp-json\/wp\/v2\/comments?post=1914"}],"version-history":[{"count":1,"href":"https:\/\/interaccioninformativa.mx\/index.php\/wp-json\/wp\/v2\/posts\/1914\/revisions"}],"predecessor-version":[{"id":1916,"href":"https:\/\/interaccioninformativa.mx\/index.php\/wp-json\/wp\/v2\/posts\/1914\/revisions\/1916"}],"wp:featuredmedia":[{"embeddable":true,"href":"https:\/\/interaccioninformativa.mx\/index.php\/wp-json\/wp\/v2\/media\/1915"}],"wp:attachment":[{"href":"https:\/\/interaccioninformativa.mx\/index.php\/wp-json\/wp\/v2\/media?parent=1914"}],"wp:term":[{"taxonomy":"category","embeddable":true,"href":"https:\/\/interaccioninformativa.mx\/index.php\/wp-json\/wp\/v2\/categories?post=1914"},{"taxonomy":"post_tag","embeddable":true,"href":"https:\/\/interaccioninformativa.mx\/index.php\/wp-json\/wp\/v2\/tags?post=1914"}],"curies":[{"name":"wp","href":"https:\/\/api.w.org\/{rel}","templated":true}]}}