{"id":250,"date":"2023-08-12T17:35:00","date_gmt":"2023-08-12T17:35:00","guid":{"rendered":"https:\/\/interaccioninformativa.mx\/?p=250"},"modified":"2025-07-12T17:36:15","modified_gmt":"2025-07-12T17:36:15","slug":"debe-haber-una-politica-de-estado-para-que-contrario-a-lo-que-dicen-en-palacio-nacional-las-y-los-jovenes-sean-aspiracionistas-marko-cortes","status":"publish","type":"post","link":"https:\/\/interaccioninformativa.mx\/index.php\/2023\/08\/12\/debe-haber-una-politica-de-estado-para-que-contrario-a-lo-que-dicen-en-palacio-nacional-las-y-los-jovenes-sean-aspiracionistas-marko-cortes\/","title":{"rendered":"Debe haber una pol\u00edtica de Estado para que, contrario a lo que dicen en Palacio Nacional, las y los j\u00f3venes sean aspiracionistas: Marko Cort\u00e9s"},"content":{"rendered":"\n<figure class=\"wp-block-image size-large\"><img loading=\"lazy\" decoding=\"async\" width=\"1024\" height=\"682\" src=\"https:\/\/interaccioninformativa.mx\/wp-content\/uploads\/2025\/07\/16918677673-1024x682.jpeg\" alt=\"\" class=\"wp-image-251\" srcset=\"https:\/\/interaccioninformativa.mx\/wp-content\/uploads\/2025\/07\/16918677673-1024x682.jpeg 1024w, https:\/\/interaccioninformativa.mx\/wp-content\/uploads\/2025\/07\/16918677673-300x200.jpeg 300w, https:\/\/interaccioninformativa.mx\/wp-content\/uploads\/2025\/07\/16918677673-768x512.jpeg 768w, https:\/\/interaccioninformativa.mx\/wp-content\/uploads\/2025\/07\/16918677673.jpeg 1280w\" sizes=\"auto, (max-width: 1024px) 100vw, 1024px\" \/><\/figure>\n\n\n<p>Se realiza Foro de j\u00f3venes: \u201cDe Frente por Nuestro Futuro\u201d para generar ideas y propuestas para la plataforma del Partido Acci\u00f3n Nacional y el Frente Amplio por M\u00e9xico.<br \/>Las y los j\u00f3venes constituyen el 30 por ciento del pa\u00eds, lo que los hace indispensables en la construcci\u00f3n de M\u00e9xico: Cecilia Patr\u00f3n.<br \/>Ser\u00e1n las y los j\u00f3venes quienes tomen las riendas y definan qui\u00e9n va estar en la presidencia de la Rep\u00fablica en el 2024: D\u00e9borah Mart\u00ednez.<\/p>\n<p>El Partido Acci\u00f3n Nacional llev\u00f3 a cabo el foro \u201cDe Frente por Nuestro Futuro\u201d, que reuni\u00f3 a las y los j\u00f3venes panistas de todo el pa\u00eds, para generar ideas que ser\u00e1n plasmadas en la plataforma electoral del partido y en la del Frente Amplio por M\u00e9xico.<\/p>\n<p>Al inaugurar el evento, el presidente del PAN, Marko Cort\u00e9s Mendoza, se pronunci\u00f3 a favor de una pol\u00edtica de Estado, que contrario a lo que se dice en Palacio Nacional, promueva que los j\u00f3venes sean aspiracionistas y cumplan sus sue\u00f1os y metas.\u00a0<\/p>\n<p>Dijo tener muchas preocupaciones respecto a este sector de la poblaci\u00f3n en el que existe desesperanza, ansiedad y falta de oportunidades, porque no tienen capacitaci\u00f3n, ni pueden ver a futuro.\u00a0<\/p>\n<p>En el marco del D\u00eda Internacional de la Juventud, el l\u00edder del blanquiazul pidi\u00f3 que se le den a las y los j\u00f3venes alas y herramientas y no hacerlos \u201catenidos\u201d a programas sociales para que no hagan nada, porque se les hace \u00a0m\u00e1s da\u00f1o.\u00a0<\/p>\n<p>Lo que necesitan las juventudes, subray\u00f3, es aspiraciones, capacidad, convicci\u00f3n, fuerza y valor, por ello llam\u00f3 a los j\u00f3venes del PAN a que construyan propuestas para que este sector que es uno de los m\u00e1s complejos, participe en la pol\u00edtica y haga suya la agenda del pr\u00f3ximo gobierno, que confi\u00f3 ser\u00e1 de Acci\u00f3n Nacional y del Frente Amplio por M\u00e9xico.<\/p>\n<p>\u201cBusquemos c\u00f3mo llegar a millones de j\u00f3venes que no tienen esperanza, que est\u00e1n angustiados, que tienen miedo a su futuro, busquemos c\u00f3mo, que vean qu\u00e9 es Acci\u00f3n Juvenil y que el PAN y el Frente son la opci\u00f3n que puede trazarles la oportunidad de un futuro exitoso, en donde pueden alcanzar sus sue\u00f1os\u201d, inst\u00f3.<\/p>\n<p>En su oportunidad, la secretaria general, Cecilia Patr\u00f3n Laviada, garantiz\u00f3 que la agenda que construyan los j\u00f3venes marcar\u00e1, sin duda, el camino del PAN, por lo que pidi\u00f3 a los jovenes plantear sus preocupaciones en materia de empleo, medio ambiente, vivienda, educaci\u00f3n, entre otros, para que se entreguen a los aspirantes del PAN y del Frente y se transformen en pol\u00edticas p\u00fablicas en el pr\u00f3ximo gobierno federal.<br \/>\u00a0<br \/>Indic\u00f3 que los j\u00f3venes constituyen el 30 por ciento del pa\u00eds, lo que los hace indispensables en la construcci\u00f3n de M\u00e9xico.<\/p>\n<p>D\u00e9borah Mart\u00ednez, secretaria de Acci\u00f3n Juvenil y quien organiz\u00f3 el evento, inform\u00f3 que se han realizado cinco seminarios en colaboraci\u00f3n con la Fundaci\u00f3n Konrad Adenauer y en estados gobernados por el PAN: Yucatan Guanajuato, Aguascalientes, Chihuahua y en la alcald\u00eda Benito Ju\u00e1rez.<\/p>\n<p>La l\u00edder juvenil exhort\u00f3 a los j\u00f3venes panistas a que salgan a las calles y toquen puertas para entusiasmar y contagiar de \u00e1nimo a las y los mexicanos, pues ser\u00e1 el PAN quien entregar\u00e1 esas herramientas a los j\u00f3venes para que salgan adelante y ser\u00e1n los j\u00f3venes quienes tomen las riendas y definan qui\u00e9n va estar en la presidencia de la Rep\u00fablica en el 2024.<\/p>\n<p>A este encuentro, fueron invitados tambi\u00e9n, los aspirantes del PAN a responsable de la construcci\u00f3n del Frente Amplio por M\u00e9xico, X\u00f3chitl G\u00e1lvez y Santiago Creel, quienes presentaron un an\u00e1lisis de la realidad que viven en M\u00e9xico las juventudes.\u00a0<\/p>\n<p>Tambi\u00e9n estuvo presente el director de la Fundaci\u00f3n Rafael Preciado Hern\u00e1ndez y presidente de la Comisi\u00f3n de la Plataforma Electoral del PAN, Julio Castillo L\u00f3pez.<\/p>","protected":false},"excerpt":{"rendered":"<div class=\"mh-excerpt\"><p>Se realiza Foro de j\u00f3venes: \u201cDe Frente por Nuestro Futuro\u201d para generar ideas y propuestas para la plataforma del Partido Acci\u00f3n Nacional y el Frente <a class=\"mh-excerpt-more\" href=\"https:\/\/interaccioninformativa.mx\/index.php\/2023\/08\/12\/debe-haber-una-politica-de-estado-para-que-contrario-a-lo-que-dicen-en-palacio-nacional-las-y-los-jovenes-sean-aspiracionistas-marko-cortes\/\" title=\"Debe haber una pol\u00edtica de Estado para que, contrario a lo que dicen en Palacio Nacional, las y los j\u00f3venes sean aspiracionistas: Marko Cort\u00e9s\">[&#8230;]<\/a><\/p>\n<\/div>","protected":false},"author":1,"featured_media":251,"comment_status":"open","ping_status":"closed","sticky":false,"template":"","format":"standard","meta":{"footnotes":""},"categories":[1],"tags":[],"class_list":["post-250","post","type-post","status-publish","format-standard","has-post-thumbnail","hentry","category-noticias"],"_links":{"self":[{"href":"https:\/\/interaccioninformativa.mx\/index.php\/wp-json\/wp\/v2\/posts\/250","targetHints":{"allow":["GET"]}}],"collection":[{"href":"https:\/\/interaccioninformativa.mx\/index.php\/wp-json\/wp\/v2\/posts"}],"about":[{"href":"https:\/\/interaccioninformativa.mx\/index.php\/wp-json\/wp\/v2\/types\/post"}],"author":[{"embeddable":true,"href":"https:\/\/interaccioninformativa.mx\/index.php\/wp-json\/wp\/v2\/users\/1"}],"replies":[{"embeddable":true,"href":"https:\/\/interaccioninformativa.mx\/index.php\/wp-json\/wp\/v2\/comments?post=250"}],"version-history":[{"count":1,"href":"https:\/\/interaccioninformativa.mx\/index.php\/wp-json\/wp\/v2\/posts\/250\/revisions"}],"predecessor-version":[{"id":252,"href":"https:\/\/interaccioninformativa.mx\/index.php\/wp-json\/wp\/v2\/posts\/250\/revisions\/252"}],"wp:featuredmedia":[{"embeddable":true,"href":"https:\/\/interaccioninformativa.mx\/index.php\/wp-json\/wp\/v2\/media\/251"}],"wp:attachment":[{"href":"https:\/\/interaccioninformativa.mx\/index.php\/wp-json\/wp\/v2\/media?parent=250"}],"wp:term":[{"taxonomy":"category","embeddable":true,"href":"https:\/\/interaccioninformativa.mx\/index.php\/wp-json\/wp\/v2\/categories?post=250"},{"taxonomy":"post_tag","embeddable":true,"href":"https:\/\/interaccioninformativa.mx\/index.php\/wp-json\/wp\/v2\/tags?post=250"}],"curies":[{"name":"wp","href":"https:\/\/api.w.org\/{rel}","templated":true}]}}