{"id":298,"date":"2025-07-11T19:07:00","date_gmt":"2025-07-11T19:07:00","guid":{"rendered":"https:\/\/interaccioninformativa.mx\/?p=298"},"modified":"2025-07-12T19:07:30","modified_gmt":"2025-07-12T19:07:30","slug":"que-significa-que-ovidio-guzman-hijo-de-el-chapo-se-haya-declarado-culpable-de-narcotrafico-en-ee-uu-y-por-que-esto-es-visto-como-un-hito-que-mexico-cuestiona","status":"publish","type":"post","link":"https:\/\/interaccioninformativa.mx\/index.php\/2025\/07\/11\/que-significa-que-ovidio-guzman-hijo-de-el-chapo-se-haya-declarado-culpable-de-narcotrafico-en-ee-uu-y-por-que-esto-es-visto-como-un-hito-que-mexico-cuestiona\/","title":{"rendered":"Qu\u00e9 significa que Ovidio Guzm\u00e1n, hijo de \u00abEl Chapo\u00bb, se haya declarado culpable de narcotr\u00e1fico en EE.UU. (y por qu\u00e9 esto es visto como un hito que M\u00e9xico cuestiona)"},"content":{"rendered":"\n<div class=\"wp-block-media-text is-stacked-on-mobile\"><figure class=\"wp-block-media-text__media\"><img loading=\"lazy\" decoding=\"async\" width=\"768\" height=\"445\" src=\"https:\/\/interaccioninformativa.mx\/wp-content\/uploads\/2025\/07\/5b0cdea0-5ced-11f0-b5c5-012c5796682d.png.webp\" alt=\"\" class=\"wp-image-299 size-full\" srcset=\"https:\/\/interaccioninformativa.mx\/wp-content\/uploads\/2025\/07\/5b0cdea0-5ced-11f0-b5c5-012c5796682d.png.webp 768w, https:\/\/interaccioninformativa.mx\/wp-content\/uploads\/2025\/07\/5b0cdea0-5ced-11f0-b5c5-012c5796682d.png-300x174.webp 300w\" sizes=\"auto, (max-width: 768px) 100vw, 768px\" \/><\/figure><div class=\"wp-block-media-text__content\">\n<p><strong>Ovidio Guzm\u00e1n L\u00f3pez se convirti\u00f3 en el primer hijo del l\u00edder narco mexicano Joaqu\u00edn \u00abEl Chapo\u00bb Guzm\u00e1n en declararse culpable de delitos de narcotr\u00e1fico en Estados Unidos, un giro con posibles efectos sorpresivos en ambos pa\u00edses.<\/strong><\/p>\n<\/div><\/div>\n\n\n<p>Al presentarse ante un tribunal federal de Chicago este viernes vestido con un traje naranja de presidiario, Guzm\u00e1n L\u00f3pez acept\u00f3 varios cargos que enfrentaba como uno de los cuatro hijos del capo del cartel de Sinaloa que asumieron su lugar despu\u00e9s que este fuera detenido.<\/p>\n<p>A sus 35 a\u00f1os, el menor de los denominados \u00abChapitos\u00bb opta as\u00ed por un camino legal nunca aceptado por su padre, quien decidi\u00f3 enfrentar sus cargos en un juicio colosal en EE.UU., en que fue condenado a cadena perpetua en 2019.<\/p>\n<p>Una pregunta que surge ahora es qu\u00e9 implicar\u00e1 el acuerdo de culpabilidad alcanzado entre Guzm\u00e1n L\u00f3pez y el gobierno de EE.UU. tras meses de negociaciones.<\/p>\n<p>Si bien los detalles del acuerdo permanecen en reserva, distintos expertos dan por descontado que el hijo de \u00abEl Chapo\u00bb colabore dando informaci\u00f3n a las autoridades de EE.UU., como se comprometi\u00f3 a hacerlo, en procura de evitar el riesgo de cadena perpetua.<\/p>\n<p>\u00abNo habr\u00eda ning\u00fan incentivo para que se declarara culpable a menos que estuviera cooperando\u00bb, le dice a BBC Mundo Rob Heroy, un abogado que ha seguido el caso y defendi\u00f3 a otro mexicano que en 2014 admiti\u00f3 su culpabilidad de narcotr\u00e1fico en EE.UU.<\/p>\n<p>La condena se determinar\u00e1 m\u00e1s adelante y, al solicitar la pena, los fiscales tendr\u00e1n en cuenta si Guzm\u00e1n L\u00f3pez cumpli\u00f3 con lo pactado.<\/p>\n<p>La negociaci\u00f3n de un acuerdo entre el gobierno de EE.UU. y Guzm\u00e1n L\u00f3pez ha sido cuestionada por la presidenta mexicana, Claudia Sheinbaum, y parece volverse cada vez m\u00e1s un asunto bilateral de alto nivel.<\/p>\n<p>Para entender su significado, hay que repasar primero qui\u00e9n es este narco apodado \u00abEl Rat\u00f3n\u00bb.<\/p>","protected":false},"excerpt":{"rendered":"<div class=\"mh-excerpt\"><p>Ovidio Guzm\u00e1n L\u00f3pez se convirti\u00f3 en el primer hijo del l\u00edder narco mexicano Joaqu\u00edn \u00abEl Chapo\u00bb Guzm\u00e1n en declararse culpable de delitos de narcotr\u00e1fico en <a class=\"mh-excerpt-more\" href=\"https:\/\/interaccioninformativa.mx\/index.php\/2025\/07\/11\/que-significa-que-ovidio-guzman-hijo-de-el-chapo-se-haya-declarado-culpable-de-narcotrafico-en-ee-uu-y-por-que-esto-es-visto-como-un-hito-que-mexico-cuestiona\/\" title=\"Qu\u00e9 significa que Ovidio Guzm\u00e1n, hijo de \u00abEl Chapo\u00bb, se haya declarado culpable de narcotr\u00e1fico en EE.UU. (y por qu\u00e9 esto es visto como un hito que M\u00e9xico cuestiona)\">[&#8230;]<\/a><\/p>\n<\/div>","protected":false},"author":1,"featured_media":299,"comment_status":"open","ping_status":"closed","sticky":false,"template":"","format":"standard","meta":{"footnotes":""},"categories":[1],"tags":[],"class_list":["post-298","post","type-post","status-publish","format-standard","has-post-thumbnail","hentry","category-noticias"],"_links":{"self":[{"href":"https:\/\/interaccioninformativa.mx\/index.php\/wp-json\/wp\/v2\/posts\/298","targetHints":{"allow":["GET"]}}],"collection":[{"href":"https:\/\/interaccioninformativa.mx\/index.php\/wp-json\/wp\/v2\/posts"}],"about":[{"href":"https:\/\/interaccioninformativa.mx\/index.php\/wp-json\/wp\/v2\/types\/post"}],"author":[{"embeddable":true,"href":"https:\/\/interaccioninformativa.mx\/index.php\/wp-json\/wp\/v2\/users\/1"}],"replies":[{"embeddable":true,"href":"https:\/\/interaccioninformativa.mx\/index.php\/wp-json\/wp\/v2\/comments?post=298"}],"version-history":[{"count":1,"href":"https:\/\/interaccioninformativa.mx\/index.php\/wp-json\/wp\/v2\/posts\/298\/revisions"}],"predecessor-version":[{"id":300,"href":"https:\/\/interaccioninformativa.mx\/index.php\/wp-json\/wp\/v2\/posts\/298\/revisions\/300"}],"wp:featuredmedia":[{"embeddable":true,"href":"https:\/\/interaccioninformativa.mx\/index.php\/wp-json\/wp\/v2\/media\/299"}],"wp:attachment":[{"href":"https:\/\/interaccioninformativa.mx\/index.php\/wp-json\/wp\/v2\/media?parent=298"}],"wp:term":[{"taxonomy":"category","embeddable":true,"href":"https:\/\/interaccioninformativa.mx\/index.php\/wp-json\/wp\/v2\/categories?post=298"},{"taxonomy":"post_tag","embeddable":true,"href":"https:\/\/interaccioninformativa.mx\/index.php\/wp-json\/wp\/v2\/tags?post=298"}],"curies":[{"name":"wp","href":"https:\/\/api.w.org\/{rel}","templated":true}]}}