{"id":301,"date":"2025-07-11T19:09:12","date_gmt":"2025-07-11T19:09:12","guid":{"rendered":"https:\/\/interaccioninformativa.mx\/?p=301"},"modified":"2025-07-12T19:09:26","modified_gmt":"2025-07-12T19:09:26","slug":"temblor-hoy-11-de-julio-en-mexico-se-registro-un-sismo-de-2-7-en-michoacan","status":"publish","type":"post","link":"https:\/\/interaccioninformativa.mx\/index.php\/2025\/07\/11\/temblor-hoy-11-de-julio-en-mexico-se-registro-un-sismo-de-2-7-en-michoacan\/","title":{"rendered":"Temblor hoy 11 de julio en M\u00e9xico: se registr\u00f3 un sismo de 2.7 en Michoac\u00e1n"},"content":{"rendered":"\n<figure class=\"wp-block-image size-full\"><img loading=\"lazy\" decoding=\"async\" width=\"992\" height=\"482\" src=\"https:\/\/interaccioninformativa.mx\/wp-content\/uploads\/2025\/07\/2IVU2EZFRJC5RGLI4ZPVG6CIXM.avif\" alt=\"\" class=\"wp-image-302\" srcset=\"https:\/\/interaccioninformativa.mx\/wp-content\/uploads\/2025\/07\/2IVU2EZFRJC5RGLI4ZPVG6CIXM.avif 992w, https:\/\/interaccioninformativa.mx\/wp-content\/uploads\/2025\/07\/2IVU2EZFRJC5RGLI4ZPVG6CIXM-300x146.avif 300w, https:\/\/interaccioninformativa.mx\/wp-content\/uploads\/2025\/07\/2IVU2EZFRJC5RGLI4ZPVG6CIXM-768x373.avif 768w\" sizes=\"auto, (max-width: 992px) 100vw, 992px\" \/><\/figure>\n\n\n<p>El\u00a0<b>sismol\u00f3gico nacional\u00a0<\/b>dio a conocer que este viernes, durante la madrugada, se registraron algunos\u00a0<b>sismos de intensidad leve<\/b>, entre los que destacan: a las 4:40 se registr\u00f3 un\u00a0<b>sismo de magnitud 2.9 a 16 km al sureste de Perib\u00e1n, Michoac\u00e1n;<\/b>\u00a0a las 4:49 se registr\u00f3 un\u00a0<b>sismo de magnitud 2.8 a 15 km al sur de Perib\u00e1n, Michoac\u00e1n;\u00a0<\/b>a las 4:49 se registr\u00f3 un\u00a0<b>sismo de magnitud 3.5 a 21 km al suroeste de Coyuca de Ben\u00edtez, Guerrero;<\/b>\u00a0a las 4:50 se registr\u00f3 un\u00a0<b>sismo de magnitud 2.6 a 19 km al sur de Perib\u00e1n, Michoac\u00e1n;<\/b>\u00a0a las 4:57 se registr\u00f3 un\u00a0<b>sismo de magnitud 2.7 a 13 km al sureste de\u00a0<\/b><b>Perib\u00e1n, Michoac\u00e1n<\/b><b>.<\/b><\/p>","protected":false},"excerpt":{"rendered":"<div class=\"mh-excerpt\"><p>El\u00a0sismol\u00f3gico nacional\u00a0dio a conocer que este viernes, durante la madrugada, se registraron algunos\u00a0sismos de intensidad leve, entre los que destacan: a las 4:40 se registr\u00f3 <a class=\"mh-excerpt-more\" href=\"https:\/\/interaccioninformativa.mx\/index.php\/2025\/07\/11\/temblor-hoy-11-de-julio-en-mexico-se-registro-un-sismo-de-2-7-en-michoacan\/\" title=\"Temblor hoy 11 de julio en M\u00e9xico: se registr\u00f3 un sismo de 2.7 en Michoac\u00e1n\">[&#8230;]<\/a><\/p>\n<\/div>","protected":false},"author":1,"featured_media":302,"comment_status":"open","ping_status":"closed","sticky":false,"template":"","format":"standard","meta":{"footnotes":""},"categories":[1],"tags":[],"class_list":["post-301","post","type-post","status-publish","format-standard","has-post-thumbnail","hentry","category-noticias"],"_links":{"self":[{"href":"https:\/\/interaccioninformativa.mx\/index.php\/wp-json\/wp\/v2\/posts\/301","targetHints":{"allow":["GET"]}}],"collection":[{"href":"https:\/\/interaccioninformativa.mx\/index.php\/wp-json\/wp\/v2\/posts"}],"about":[{"href":"https:\/\/interaccioninformativa.mx\/index.php\/wp-json\/wp\/v2\/types\/post"}],"author":[{"embeddable":true,"href":"https:\/\/interaccioninformativa.mx\/index.php\/wp-json\/wp\/v2\/users\/1"}],"replies":[{"embeddable":true,"href":"https:\/\/interaccioninformativa.mx\/index.php\/wp-json\/wp\/v2\/comments?post=301"}],"version-history":[{"count":1,"href":"https:\/\/interaccioninformativa.mx\/index.php\/wp-json\/wp\/v2\/posts\/301\/revisions"}],"predecessor-version":[{"id":303,"href":"https:\/\/interaccioninformativa.mx\/index.php\/wp-json\/wp\/v2\/posts\/301\/revisions\/303"}],"wp:featuredmedia":[{"embeddable":true,"href":"https:\/\/interaccioninformativa.mx\/index.php\/wp-json\/wp\/v2\/media\/302"}],"wp:attachment":[{"href":"https:\/\/interaccioninformativa.mx\/index.php\/wp-json\/wp\/v2\/media?parent=301"}],"wp:term":[{"taxonomy":"category","embeddable":true,"href":"https:\/\/interaccioninformativa.mx\/index.php\/wp-json\/wp\/v2\/categories?post=301"},{"taxonomy":"post_tag","embeddable":true,"href":"https:\/\/interaccioninformativa.mx\/index.php\/wp-json\/wp\/v2\/tags?post=301"}],"curies":[{"name":"wp","href":"https:\/\/api.w.org\/{rel}","templated":true}]}}