{"id":304,"date":"2025-07-11T07:10:00","date_gmt":"2025-07-11T07:10:00","guid":{"rendered":"https:\/\/interaccioninformativa.mx\/?p=304"},"modified":"2025-07-12T19:10:56","modified_gmt":"2025-07-12T19:10:56","slug":"sheinbaum-el-pacto-de-ovidio-debe-aclararse-mexico-espera-informacion","status":"publish","type":"post","link":"https:\/\/interaccioninformativa.mx\/index.php\/2025\/07\/11\/sheinbaum-el-pacto-de-ovidio-debe-aclararse-mexico-espera-informacion\/","title":{"rendered":"Sheinbaum: el pacto de Ovidio debe aclararse; M\u00e9xico espera informaci\u00f3n"},"content":{"rendered":"\n<div class=\"wp-block-media-text is-stacked-on-mobile\"><figure class=\"wp-block-media-text__media\"><img loading=\"lazy\" decoding=\"async\" width=\"770\" height=\"530\" src=\"https:\/\/interaccioninformativa.mx\/wp-content\/uploads\/2025\/07\/3341153.webp\" alt=\"\" class=\"wp-image-305 size-full\" srcset=\"https:\/\/interaccioninformativa.mx\/wp-content\/uploads\/2025\/07\/3341153.webp 770w, https:\/\/interaccioninformativa.mx\/wp-content\/uploads\/2025\/07\/3341153-300x206.webp 300w, https:\/\/interaccioninformativa.mx\/wp-content\/uploads\/2025\/07\/3341153-768x529.webp 768w\" sizes=\"auto, (max-width: 770px) 100vw, 770px\" \/><\/figure><div class=\"wp-block-media-text__content\">\n<p>En el proceso contra El Rat\u00f3n es relevante saber bajo qu\u00e9 criterios se negoci\u00f3 un acuerdo, sostuvo la Presidenta; sobre la captura de El Mayo, hace casi un a\u00f1o, a\u00fan se esperan datos<\/p>\n<\/div><\/div>\n\n\n<p>La presidenta Claudia Sheinbaum llam\u00f3 a que se aclaren cu\u00e1les son los criterios con los que Ovidio Guzm\u00e1n hizo un acuerdo con fiscales de Estados Unidos para declararse culpable de cuatro delitos para aminorar su sentencia y colaborar con las autoridades de ese pa\u00eds.<\/p>\n<p>Sostuvo que su gobierno no defiende a ning\u00fan narcotraficante y desde el Gabinete de Seguridad se trabaja todos los d\u00edas para disminuir la violencia en M\u00e9xico.<\/p>\n<p>Asever\u00f3 que lo relevante no es el proceso contra Ovidio en s\u00ed, sino los criterios aplicados por las autoridades estadunidenses para pactar.<\/p>\n<p>Lo que decimos es: (que se aclaren) m\u00e1s bien, los criterios que se est\u00e1n dando, y la falta de coherencia en la pol\u00edtica de all\u00e1 al nombrar \u2018terroristas\u2019 a las organizaciones de la delincuencia organizada\u201d, indic\u00f3.<\/p>\n<p>Sobre la captura de El Mayo Zambada, que est\u00e1 por cumplir un a\u00f1o, Sheinbaum dijo que tambi\u00e9n se necesitan conocer los detalles de las circunstancias en las que el capo fue trasladado fuera de M\u00e9xico.<\/p>","protected":false},"excerpt":{"rendered":"<div class=\"mh-excerpt\"><p>En el proceso contra El Rat\u00f3n es relevante saber bajo qu\u00e9 criterios se negoci\u00f3 un acuerdo, sostuvo la Presidenta; sobre la captura de El Mayo, <a class=\"mh-excerpt-more\" href=\"https:\/\/interaccioninformativa.mx\/index.php\/2025\/07\/11\/sheinbaum-el-pacto-de-ovidio-debe-aclararse-mexico-espera-informacion\/\" title=\"Sheinbaum: el pacto de Ovidio debe aclararse; M\u00e9xico espera informaci\u00f3n\">[&#8230;]<\/a><\/p>\n<\/div>","protected":false},"author":1,"featured_media":305,"comment_status":"open","ping_status":"closed","sticky":false,"template":"","format":"standard","meta":{"footnotes":""},"categories":[1],"tags":[],"class_list":["post-304","post","type-post","status-publish","format-standard","has-post-thumbnail","hentry","category-noticias"],"_links":{"self":[{"href":"https:\/\/interaccioninformativa.mx\/index.php\/wp-json\/wp\/v2\/posts\/304","targetHints":{"allow":["GET"]}}],"collection":[{"href":"https:\/\/interaccioninformativa.mx\/index.php\/wp-json\/wp\/v2\/posts"}],"about":[{"href":"https:\/\/interaccioninformativa.mx\/index.php\/wp-json\/wp\/v2\/types\/post"}],"author":[{"embeddable":true,"href":"https:\/\/interaccioninformativa.mx\/index.php\/wp-json\/wp\/v2\/users\/1"}],"replies":[{"embeddable":true,"href":"https:\/\/interaccioninformativa.mx\/index.php\/wp-json\/wp\/v2\/comments?post=304"}],"version-history":[{"count":1,"href":"https:\/\/interaccioninformativa.mx\/index.php\/wp-json\/wp\/v2\/posts\/304\/revisions"}],"predecessor-version":[{"id":306,"href":"https:\/\/interaccioninformativa.mx\/index.php\/wp-json\/wp\/v2\/posts\/304\/revisions\/306"}],"wp:featuredmedia":[{"embeddable":true,"href":"https:\/\/interaccioninformativa.mx\/index.php\/wp-json\/wp\/v2\/media\/305"}],"wp:attachment":[{"href":"https:\/\/interaccioninformativa.mx\/index.php\/wp-json\/wp\/v2\/media?parent=304"}],"wp:term":[{"taxonomy":"category","embeddable":true,"href":"https:\/\/interaccioninformativa.mx\/index.php\/wp-json\/wp\/v2\/categories?post=304"},{"taxonomy":"post_tag","embeddable":true,"href":"https:\/\/interaccioninformativa.mx\/index.php\/wp-json\/wp\/v2\/tags?post=304"}],"curies":[{"name":"wp","href":"https:\/\/api.w.org\/{rel}","templated":true}]}}