{"id":307,"date":"2025-07-12T19:14:03","date_gmt":"2025-07-12T19:14:03","guid":{"rendered":"https:\/\/interaccioninformativa.mx\/?p=307"},"modified":"2025-07-12T19:14:30","modified_gmt":"2025-07-12T19:14:30","slug":"sre-responde-a-los-nuevos-aranceles-del-30-impuestos-por-donald-trump-a-mexico-y-la-union-europea","status":"publish","type":"post","link":"https:\/\/interaccioninformativa.mx\/index.php\/2025\/07\/12\/sre-responde-a-los-nuevos-aranceles-del-30-impuestos-por-donald-trump-a-mexico-y-la-union-europea\/","title":{"rendered":"SRE responde a los nuevos aranceles del 30% impuestos por Donald Trump a M\u00e9xico y la Uni\u00f3n Europea"},"content":{"rendered":"\n<div class=\"wp-block-media-text is-stacked-on-mobile\"><figure class=\"wp-block-media-text__media\"><img loading=\"lazy\" decoding=\"async\" width=\"992\" height=\"558\" src=\"https:\/\/interaccioninformativa.mx\/wp-content\/uploads\/2025\/07\/ZQZTPCTL2NEQ5ON6URYLW2EBIY.avif\" alt=\"\" class=\"wp-image-308 size-full\" srcset=\"https:\/\/interaccioninformativa.mx\/wp-content\/uploads\/2025\/07\/ZQZTPCTL2NEQ5ON6URYLW2EBIY.avif 992w, https:\/\/interaccioninformativa.mx\/wp-content\/uploads\/2025\/07\/ZQZTPCTL2NEQ5ON6URYLW2EBIY-300x169.avif 300w, https:\/\/interaccioninformativa.mx\/wp-content\/uploads\/2025\/07\/ZQZTPCTL2NEQ5ON6URYLW2EBIY-768x432.avif 768w\" sizes=\"auto, (max-width: 992px) 100vw, 992px\" \/><\/figure><div class=\"wp-block-media-text__content\">\n<p>La nueva declaraci\u00f3n de la canciller\u00eda y la Secretar\u00eda de Econom\u00eda se enmarca en una nueva reuni\u00f3n entre autoridades mexicanas y estadounidenses el pasado 11 de julio<\/p>\n<\/div><\/div>\n\n\n<p>En un comunicado conjunto, la Secretar\u00eda de Relaciones Exteriores (SRE) y de Econom\u00eda de M\u00e9xico han dado respuesta a la aplicaci\u00f3n de nuevas tarifas de aranceles del 30%, emitidas por el gobierno del presidente Donald Trump este viernes 11 de julio de 2025.<\/p>\n<p>Al respecto, las dos dependencias destacan que han mantenido una nueva reuni\u00f3n donde, a grandes rasgos, han se\u00f1alado que \u201ccontin\u00faan las negociaciones para proteger empresas y empleos\u201d:<\/p>\n<p>\u201c(&#8230;) Una delegaci\u00f3n mexicana de las secretar\u00edas de Econom\u00eda, Relaciones Exteriores, Hacienda, Seguridad P\u00fablica y Energ\u00eda se reuni\u00f3 con los departamentos de Estado, de Comercio y de Energ\u00eda, adem\u00e1s del Consejo de Seguridad Nacional y la oficina del Representante Comercial de Estados Unidos para instalar la mesa de trabajo permanente binacional en la que ser\u00e1n desahogados los principales temas de la relaci\u00f3n\u201d, se\u00f1alan en el documento compartido.<\/p>\n\n\n<figure class=\"wp-block-image size-full\"><img loading=\"lazy\" decoding=\"async\" width=\"992\" height=\"661\" src=\"https:\/\/interaccioninformativa.mx\/wp-content\/uploads\/2025\/07\/HWK27BHRPZBNLP7I2E4DBXOITM.avif\" alt=\"\" class=\"wp-image-309\" srcset=\"https:\/\/interaccioninformativa.mx\/wp-content\/uploads\/2025\/07\/HWK27BHRPZBNLP7I2E4DBXOITM.avif 992w, https:\/\/interaccioninformativa.mx\/wp-content\/uploads\/2025\/07\/HWK27BHRPZBNLP7I2E4DBXOITM-300x200.avif 300w, https:\/\/interaccioninformativa.mx\/wp-content\/uploads\/2025\/07\/HWK27BHRPZBNLP7I2E4DBXOITM-768x512.avif 768w\" sizes=\"auto, (max-width: 992px) 100vw, 992px\" \/><\/figure>\n\n\n<p>Sin embargo, lo que se destaca en esta informaci\u00f3n oficial es que la delegaci\u00f3n mexicana consider\u00f3 como \u201cun trato injusto\u201d dicha carta firmada por el mandatario republicano \u2015de la cual ya se ten\u00eda conocimiento aparentemente\u2015, donde se establecen estos nuevos grav\u00e1menes a los acuerdos comerciales que existen en la relaci\u00f3n binacional:<br \/>\u201c(&#8230;) Como parte del cambio profundo en la pol\u00edtica comercial de Estados Unidos, todos los pa\u00edses recibir\u00edan una carta signada (firmada) por el presidente de los Estados Unidos, estableciendo nuevas tarifas a partir del 1\u00b0 de agosto. Mencionamos en la mesa que era \u2018un trato injusto\u2019 y \u2018que no est\u00e1bamos de acuerdo\u2019\u201c, se explica.<\/p>","protected":false},"excerpt":{"rendered":"<div class=\"mh-excerpt\"><p>La nueva declaraci\u00f3n de la canciller\u00eda y la Secretar\u00eda de Econom\u00eda se enmarca en una nueva reuni\u00f3n entre autoridades mexicanas y estadounidenses el pasado 11 <a class=\"mh-excerpt-more\" href=\"https:\/\/interaccioninformativa.mx\/index.php\/2025\/07\/12\/sre-responde-a-los-nuevos-aranceles-del-30-impuestos-por-donald-trump-a-mexico-y-la-union-europea\/\" title=\"SRE responde a los nuevos aranceles del 30% impuestos por Donald Trump a M\u00e9xico y la Uni\u00f3n Europea\">[&#8230;]<\/a><\/p>\n<\/div>","protected":false},"author":1,"featured_media":309,"comment_status":"open","ping_status":"closed","sticky":false,"template":"","format":"standard","meta":{"footnotes":""},"categories":[1],"tags":[],"class_list":["post-307","post","type-post","status-publish","format-standard","has-post-thumbnail","hentry","category-noticias"],"_links":{"self":[{"href":"https:\/\/interaccioninformativa.mx\/index.php\/wp-json\/wp\/v2\/posts\/307","targetHints":{"allow":["GET"]}}],"collection":[{"href":"https:\/\/interaccioninformativa.mx\/index.php\/wp-json\/wp\/v2\/posts"}],"about":[{"href":"https:\/\/interaccioninformativa.mx\/index.php\/wp-json\/wp\/v2\/types\/post"}],"author":[{"embeddable":true,"href":"https:\/\/interaccioninformativa.mx\/index.php\/wp-json\/wp\/v2\/users\/1"}],"replies":[{"embeddable":true,"href":"https:\/\/interaccioninformativa.mx\/index.php\/wp-json\/wp\/v2\/comments?post=307"}],"version-history":[{"count":1,"href":"https:\/\/interaccioninformativa.mx\/index.php\/wp-json\/wp\/v2\/posts\/307\/revisions"}],"predecessor-version":[{"id":310,"href":"https:\/\/interaccioninformativa.mx\/index.php\/wp-json\/wp\/v2\/posts\/307\/revisions\/310"}],"wp:featuredmedia":[{"embeddable":true,"href":"https:\/\/interaccioninformativa.mx\/index.php\/wp-json\/wp\/v2\/media\/309"}],"wp:attachment":[{"href":"https:\/\/interaccioninformativa.mx\/index.php\/wp-json\/wp\/v2\/media?parent=307"}],"wp:term":[{"taxonomy":"category","embeddable":true,"href":"https:\/\/interaccioninformativa.mx\/index.php\/wp-json\/wp\/v2\/categories?post=307"},{"taxonomy":"post_tag","embeddable":true,"href":"https:\/\/interaccioninformativa.mx\/index.php\/wp-json\/wp\/v2\/tags?post=307"}],"curies":[{"name":"wp","href":"https:\/\/api.w.org\/{rel}","templated":true}]}}