{"id":325,"date":"2025-07-11T19:33:09","date_gmt":"2025-07-11T19:33:09","guid":{"rendered":"https:\/\/interaccioninformativa.mx\/?p=325"},"modified":"2025-07-12T19:33:41","modified_gmt":"2025-07-12T19:33:41","slug":"habra-apagon-masivo-en-mexico-esto-es-lo-que-sabemos","status":"publish","type":"post","link":"https:\/\/interaccioninformativa.mx\/index.php\/2025\/07\/11\/habra-apagon-masivo-en-mexico-esto-es-lo-que-sabemos\/","title":{"rendered":"\u00bfHabr\u00e1 apag\u00f3n masivo en M\u00e9xico? Esto es lo que sabemos"},"content":{"rendered":"\n<div class=\"wp-block-media-text is-stacked-on-mobile\"><figure class=\"wp-block-media-text__media\"><img loading=\"lazy\" decoding=\"async\" width=\"960\" height=\"540\" src=\"https:\/\/interaccioninformativa.mx\/wp-content\/uploads\/2025\/07\/f960x540-715998_790073_5050.jpg\" alt=\"\" class=\"wp-image-326 size-full\" srcset=\"https:\/\/interaccioninformativa.mx\/wp-content\/uploads\/2025\/07\/f960x540-715998_790073_5050.jpg 960w, https:\/\/interaccioninformativa.mx\/wp-content\/uploads\/2025\/07\/f960x540-715998_790073_5050-300x169.jpg 300w, https:\/\/interaccioninformativa.mx\/wp-content\/uploads\/2025\/07\/f960x540-715998_790073_5050-768x432.jpg 768w\" sizes=\"auto, (max-width: 960px) 100vw, 960px\" \/><\/figure><div class=\"wp-block-media-text__content\">\n<p>Las autoridades de la CFE advierten que la suspensi\u00f3n en el suministro el\u00e9ctrico ser\u00e1 por ocho horas.<br><br><\/p>\n<\/div><\/div>\n\n\n\n<p>En d\u00edas recientes ha circulado informaci\u00f3n sobre un supuesto apag\u00f3n masivo en M\u00e9xico, lo que ha generado preocupaci\u00f3n entre usuarios. Por ello, te explicamos en qu\u00e9 consiste esta advertencia y si es necesario tomar precauciones.<\/p>\n\n\n\n<p>\u00bfHabr\u00e1 un apag\u00f3n masivo en M\u00e9xico?<br>La Comisi\u00f3n Federal de Electricidad (CFE) y la Agencia de Energ\u00eda de Yucat\u00e1n (AEY) aclararon que los cortes programados de energ\u00eda no afectar\u00e1n a todo el pa\u00eds, sino que se limitar\u00e1n \u00fanicamente al estado de Yucat\u00e1n.<\/p>\n\n\n\n<p>Estas interrupciones forman parte de trabajos de mantenimiento y modernizaci\u00f3n de la red el\u00e9ctrica, con el objetivo de mejorar la calidad del servicio y garantizar un suministro m\u00e1s eficiente y estable para los usuarios de la regi\u00f3n.<\/p>\n\n\n\n<p>\u00bfCu\u00e1ndo y d\u00f3nde ser\u00e1 el apag\u00f3n?<br>Las autoridades informaron que el corte programado se llevar\u00e1 a cabo el pr\u00f3ximo lunes 14 de julio, entre las 6:00 y las 14:00 horas. Durante este lapso, se espera que haya intermitencias o suspensiones del servicio el\u00e9ctrico en varias localidades, entre ellas:<\/p>\n\n\n\n<p>Progreso.<br>Chelem.<br>Chicxulub Puerto.<br>Chuburn\u00e1 Puerto.<br>Dzidzilch\u00e9.<br>San Ignacio.<br>Misn\u00e9 Balam.<br>Flamboyanes.<br>Santa Mar\u00eda Ch\u00ed.<br>Tamanch\u00e9.<br>Cosgaya.<br>Komch\u00e9n.<br>Suytunch\u00e9n.<br>Kikteil.<br>Xcuny\u00e1.<br>Sierra Papacal.<\/p>\n","protected":false},"excerpt":{"rendered":"<div class=\"mh-excerpt\"><p>Las autoridades de la CFE advierten que la suspensi\u00f3n en el suministro el\u00e9ctrico ser\u00e1 por ocho horas. En d\u00edas recientes ha circulado informaci\u00f3n sobre un <a class=\"mh-excerpt-more\" href=\"https:\/\/interaccioninformativa.mx\/index.php\/2025\/07\/11\/habra-apagon-masivo-en-mexico-esto-es-lo-que-sabemos\/\" title=\"\u00bfHabr\u00e1 apag\u00f3n masivo en M\u00e9xico? Esto es lo que sabemos\">[&#8230;]<\/a><\/p>\n<\/div>","protected":false},"author":1,"featured_media":326,"comment_status":"open","ping_status":"closed","sticky":false,"template":"","format":"standard","meta":{"footnotes":""},"categories":[1],"tags":[],"class_list":["post-325","post","type-post","status-publish","format-standard","has-post-thumbnail","hentry","category-noticias"],"_links":{"self":[{"href":"https:\/\/interaccioninformativa.mx\/index.php\/wp-json\/wp\/v2\/posts\/325","targetHints":{"allow":["GET"]}}],"collection":[{"href":"https:\/\/interaccioninformativa.mx\/index.php\/wp-json\/wp\/v2\/posts"}],"about":[{"href":"https:\/\/interaccioninformativa.mx\/index.php\/wp-json\/wp\/v2\/types\/post"}],"author":[{"embeddable":true,"href":"https:\/\/interaccioninformativa.mx\/index.php\/wp-json\/wp\/v2\/users\/1"}],"replies":[{"embeddable":true,"href":"https:\/\/interaccioninformativa.mx\/index.php\/wp-json\/wp\/v2\/comments?post=325"}],"version-history":[{"count":1,"href":"https:\/\/interaccioninformativa.mx\/index.php\/wp-json\/wp\/v2\/posts\/325\/revisions"}],"predecessor-version":[{"id":327,"href":"https:\/\/interaccioninformativa.mx\/index.php\/wp-json\/wp\/v2\/posts\/325\/revisions\/327"}],"wp:featuredmedia":[{"embeddable":true,"href":"https:\/\/interaccioninformativa.mx\/index.php\/wp-json\/wp\/v2\/media\/326"}],"wp:attachment":[{"href":"https:\/\/interaccioninformativa.mx\/index.php\/wp-json\/wp\/v2\/media?parent=325"}],"wp:term":[{"taxonomy":"category","embeddable":true,"href":"https:\/\/interaccioninformativa.mx\/index.php\/wp-json\/wp\/v2\/categories?post=325"},{"taxonomy":"post_tag","embeddable":true,"href":"https:\/\/interaccioninformativa.mx\/index.php\/wp-json\/wp\/v2\/tags?post=325"}],"curies":[{"name":"wp","href":"https:\/\/api.w.org\/{rel}","templated":true}]}}