{"id":348,"date":"2025-01-27T19:55:00","date_gmt":"2025-01-27T19:55:00","guid":{"rendered":"https:\/\/interaccioninformativa.mx\/?p=348"},"modified":"2025-07-12T19:55:55","modified_gmt":"2025-07-12T19:55:55","slug":"mexico-recibe-unos-4-000-deportados-en-la-primera-semana-del-gobierno-de-trump","status":"publish","type":"post","link":"https:\/\/interaccioninformativa.mx\/index.php\/2025\/01\/27\/mexico-recibe-unos-4-000-deportados-en-la-primera-semana-del-gobierno-de-trump\/","title":{"rendered":"M\u00e9xico recibe unos 4.000 deportados en la primera semana del Gobierno de Trump"},"content":{"rendered":"\n<div class=\"wp-block-media-text is-stacked-on-mobile\"><figure class=\"wp-block-media-text__media\"><img loading=\"lazy\" decoding=\"async\" width=\"1024\" height=\"574\" src=\"https:\/\/interaccioninformativa.mx\/wp-content\/uploads\/2025\/07\/Captura-de-pantalla-2025-07-12-a-las-13.54.52-1024x574.png\" alt=\"\" class=\"wp-image-349 size-full\" srcset=\"https:\/\/interaccioninformativa.mx\/wp-content\/uploads\/2025\/07\/Captura-de-pantalla-2025-07-12-a-las-13.54.52-1024x574.png 1024w, https:\/\/interaccioninformativa.mx\/wp-content\/uploads\/2025\/07\/Captura-de-pantalla-2025-07-12-a-las-13.54.52-300x168.png 300w, https:\/\/interaccioninformativa.mx\/wp-content\/uploads\/2025\/07\/Captura-de-pantalla-2025-07-12-a-las-13.54.52-768x430.png 768w, https:\/\/interaccioninformativa.mx\/wp-content\/uploads\/2025\/07\/Captura-de-pantalla-2025-07-12-a-las-13.54.52.png 1292w\" sizes=\"auto, (max-width: 1024px) 100vw, 1024px\" \/><\/figure><div class=\"wp-block-media-text__content\">\n<p>M\u00e9xico recibi\u00f3 a unos 4.000 migrantes deportados de EE. UU., en su mayor\u00eda mexicanos, en la primera semana de Gobierno de Donald Trump, confirm\u00f3 este lunes 27 de enero la presidenta Claudia Sheinbaum, quien afirm\u00f3 que \u00abno ha habido un incremento sustantivo\u00bb.<\/p>\n<\/div><\/div>\n\n\n\n<p>La mandataria mexicana, Claudia Sheinbaum, explic\u00f3 este lunes 27 de enero que la cifra de 4.000 migrantes deportados corresponden al registro habitual de nacionales expulsados desde el pa\u00eds vecino.<\/p>\n\n\n\n<p>\u00abDel 20 al 26 de enero se han recibido 4.094 personas, la gran mayor\u00eda de ellas mexicanas (\u2026). Hasta ahora no ha habido un incremento sustantivo\u00bb, dijo la mandataria en su conferencia de prensa matutina.<\/p>\n\n\n\n<p>Poco m\u00e1s de 190.000 personas fueron deportadas a M\u00e9xico de enero a noviembre 2024, seg\u00fan cifras del Gobierno, es decir m\u00e1s de 17.200 por mes.<\/p>\n\n\n\n<p>Sheinbaum confirm\u00f3 que M\u00e9xico ha recibido cuatro aviones con migrantes desde que asumi\u00f3 Trump, quien ha prometido una deportaci\u00f3n hist\u00f3rica de extranjeros sin papeles.<\/p>\n\n\n\n<p>Guatemala, por su parte, confirm\u00f3 la llegada de dos aviones estadounidenses con deportados y Brasil denunci\u00f3 un trato \u00abdenigrante\u00bb a 88 brasile\u00f1os repatriados que viajaron esposados.<\/p>\n","protected":false},"excerpt":{"rendered":"<div class=\"mh-excerpt\"><p>M\u00e9xico recibi\u00f3 a unos 4.000 migrantes deportados de EE. UU., en su mayor\u00eda mexicanos, en la primera semana de Gobierno de Donald Trump, confirm\u00f3 este <a class=\"mh-excerpt-more\" href=\"https:\/\/interaccioninformativa.mx\/index.php\/2025\/01\/27\/mexico-recibe-unos-4-000-deportados-en-la-primera-semana-del-gobierno-de-trump\/\" title=\"M\u00e9xico recibe unos 4.000 deportados en la primera semana del Gobierno de Trump\">[&#8230;]<\/a><\/p>\n<\/div>","protected":false},"author":1,"featured_media":349,"comment_status":"open","ping_status":"closed","sticky":false,"template":"","format":"standard","meta":{"footnotes":""},"categories":[1],"tags":[],"class_list":["post-348","post","type-post","status-publish","format-standard","has-post-thumbnail","hentry","category-noticias"],"_links":{"self":[{"href":"https:\/\/interaccioninformativa.mx\/index.php\/wp-json\/wp\/v2\/posts\/348","targetHints":{"allow":["GET"]}}],"collection":[{"href":"https:\/\/interaccioninformativa.mx\/index.php\/wp-json\/wp\/v2\/posts"}],"about":[{"href":"https:\/\/interaccioninformativa.mx\/index.php\/wp-json\/wp\/v2\/types\/post"}],"author":[{"embeddable":true,"href":"https:\/\/interaccioninformativa.mx\/index.php\/wp-json\/wp\/v2\/users\/1"}],"replies":[{"embeddable":true,"href":"https:\/\/interaccioninformativa.mx\/index.php\/wp-json\/wp\/v2\/comments?post=348"}],"version-history":[{"count":1,"href":"https:\/\/interaccioninformativa.mx\/index.php\/wp-json\/wp\/v2\/posts\/348\/revisions"}],"predecessor-version":[{"id":350,"href":"https:\/\/interaccioninformativa.mx\/index.php\/wp-json\/wp\/v2\/posts\/348\/revisions\/350"}],"wp:featuredmedia":[{"embeddable":true,"href":"https:\/\/interaccioninformativa.mx\/index.php\/wp-json\/wp\/v2\/media\/349"}],"wp:attachment":[{"href":"https:\/\/interaccioninformativa.mx\/index.php\/wp-json\/wp\/v2\/media?parent=348"}],"wp:term":[{"taxonomy":"category","embeddable":true,"href":"https:\/\/interaccioninformativa.mx\/index.php\/wp-json\/wp\/v2\/categories?post=348"},{"taxonomy":"post_tag","embeddable":true,"href":"https:\/\/interaccioninformativa.mx\/index.php\/wp-json\/wp\/v2\/tags?post=348"}],"curies":[{"name":"wp","href":"https:\/\/api.w.org\/{rel}","templated":true}]}}