{"id":351,"date":"2025-01-08T19:57:00","date_gmt":"2025-01-08T19:57:00","guid":{"rendered":"https:\/\/interaccioninformativa.mx\/?p=351"},"modified":"2025-07-12T19:57:43","modified_gmt":"2025-07-12T19:57:43","slug":"a-quien-pertenece-el-golfo-de-mexico-y-puede-realmente-trump-cambiarle-el-nombre-como-anuncio-en-su-primer-discurso-como-presidente","status":"publish","type":"post","link":"https:\/\/interaccioninformativa.mx\/index.php\/2025\/01\/08\/a-quien-pertenece-el-golfo-de-mexico-y-puede-realmente-trump-cambiarle-el-nombre-como-anuncio-en-su-primer-discurso-como-presidente\/","title":{"rendered":"\u00bfA qui\u00e9n pertenece el Golfo de M\u00e9xico y puede realmente Trump cambiarle el nombre como anunci\u00f3 en su primer discurso como presidente?"},"content":{"rendered":"\n<div class=\"wp-block-media-text is-stacked-on-mobile\"><figure class=\"wp-block-media-text__media\"><img loading=\"lazy\" decoding=\"async\" width=\"800\" height=\"449\" src=\"https:\/\/interaccioninformativa.mx\/wp-content\/uploads\/2025\/07\/4e863b50-cdd6-11ef-902a-23eb87d4aebc.jpg.webp\" alt=\"\" class=\"wp-image-352 size-full\" srcset=\"https:\/\/interaccioninformativa.mx\/wp-content\/uploads\/2025\/07\/4e863b50-cdd6-11ef-902a-23eb87d4aebc.jpg.webp 800w, https:\/\/interaccioninformativa.mx\/wp-content\/uploads\/2025\/07\/4e863b50-cdd6-11ef-902a-23eb87d4aebc.jpg-300x168.webp 300w, https:\/\/interaccioninformativa.mx\/wp-content\/uploads\/2025\/07\/4e863b50-cdd6-11ef-902a-23eb87d4aebc.jpg-768x431.webp 768w\" sizes=\"auto, (max-width: 800px) 100vw, 800px\" \/><\/figure><div class=\"wp-block-media-text__content\">\n<p>El nuevo presidente de Estados Unidos, Donald Trump, aunci\u00f3 este lunes en su discurso inaugural que firmar\u00e1 una orden ejecutiva por la que el Golfo de M\u00e9xico pasara a llamarse a partir de ahora Golfo de Am\u00e9rica.<\/p>\n<\/div><\/div>\n\n\n\n<p>El cambio en la denominaci\u00f3n ser\u00e1 una de las primeras decisiones del nuevo mandato de Trump y forma parte de las decisiones \u00abhist\u00f3ricas\u00bb con las que lo ha iniciado.<\/p>\n\n\n\n<p>Trump anunci\u00f3 el cambio en su primer mensaje como presidente en el Capitolio de Washington.<\/p>\n\n\n\n<p>Trump ya hab\u00eda anunciado su intenci\u00f3n de cambiar el nombre de este accidente geogr\u00e1fico en una conferencia de prensa el pasado 8 de enero en su residencia de Mar-a-Lago, en Florida.<\/p>\n\n\n\n<p>\u00abMuy pronto vamos a anunciar el cambio\u2026 porque nosotros hacemos la mayor parte del trabajo all\u00ed y es nuestro \u2026 vamos a cambiar el nombre del Golfo de M\u00e9xico por el de Golfo de Am\u00e9rica\u00bb, hab\u00eda dicho Trump entonces.<\/p>\n","protected":false},"excerpt":{"rendered":"<div class=\"mh-excerpt\"><p>El nuevo presidente de Estados Unidos, Donald Trump, aunci\u00f3 este lunes en su discurso inaugural que firmar\u00e1 una orden ejecutiva por la que el Golfo <a class=\"mh-excerpt-more\" href=\"https:\/\/interaccioninformativa.mx\/index.php\/2025\/01\/08\/a-quien-pertenece-el-golfo-de-mexico-y-puede-realmente-trump-cambiarle-el-nombre-como-anuncio-en-su-primer-discurso-como-presidente\/\" title=\"\u00bfA qui\u00e9n pertenece el Golfo de M\u00e9xico y puede realmente Trump cambiarle el nombre como anunci\u00f3 en su primer discurso como presidente?\">[&#8230;]<\/a><\/p>\n<\/div>","protected":false},"author":1,"featured_media":352,"comment_status":"open","ping_status":"closed","sticky":false,"template":"","format":"standard","meta":{"footnotes":""},"categories":[1],"tags":[],"class_list":["post-351","post","type-post","status-publish","format-standard","has-post-thumbnail","hentry","category-noticias"],"_links":{"self":[{"href":"https:\/\/interaccioninformativa.mx\/index.php\/wp-json\/wp\/v2\/posts\/351","targetHints":{"allow":["GET"]}}],"collection":[{"href":"https:\/\/interaccioninformativa.mx\/index.php\/wp-json\/wp\/v2\/posts"}],"about":[{"href":"https:\/\/interaccioninformativa.mx\/index.php\/wp-json\/wp\/v2\/types\/post"}],"author":[{"embeddable":true,"href":"https:\/\/interaccioninformativa.mx\/index.php\/wp-json\/wp\/v2\/users\/1"}],"replies":[{"embeddable":true,"href":"https:\/\/interaccioninformativa.mx\/index.php\/wp-json\/wp\/v2\/comments?post=351"}],"version-history":[{"count":1,"href":"https:\/\/interaccioninformativa.mx\/index.php\/wp-json\/wp\/v2\/posts\/351\/revisions"}],"predecessor-version":[{"id":353,"href":"https:\/\/interaccioninformativa.mx\/index.php\/wp-json\/wp\/v2\/posts\/351\/revisions\/353"}],"wp:featuredmedia":[{"embeddable":true,"href":"https:\/\/interaccioninformativa.mx\/index.php\/wp-json\/wp\/v2\/media\/352"}],"wp:attachment":[{"href":"https:\/\/interaccioninformativa.mx\/index.php\/wp-json\/wp\/v2\/media?parent=351"}],"wp:term":[{"taxonomy":"category","embeddable":true,"href":"https:\/\/interaccioninformativa.mx\/index.php\/wp-json\/wp\/v2\/categories?post=351"},{"taxonomy":"post_tag","embeddable":true,"href":"https:\/\/interaccioninformativa.mx\/index.php\/wp-json\/wp\/v2\/tags?post=351"}],"curies":[{"name":"wp","href":"https:\/\/api.w.org\/{rel}","templated":true}]}}