{"id":358,"date":"2025-07-14T16:35:37","date_gmt":"2025-07-14T16:35:37","guid":{"rendered":"https:\/\/interaccioninformativa.mx\/?p=358"},"modified":"2025-07-14T16:35:37","modified_gmt":"2025-07-14T16:35:37","slug":"mexico-presentara-demanda-contra-abogado-de-ovidio-guzman-por-difamacion","status":"publish","type":"post","link":"https:\/\/interaccioninformativa.mx\/index.php\/2025\/07\/14\/mexico-presentara-demanda-contra-abogado-de-ovidio-guzman-por-difamacion\/","title":{"rendered":"M\u00e9xico presentar\u00e1 demanda contra abogado de Ovidio Guzm\u00e1n por difamaci\u00f3n"},"content":{"rendered":"\n<div class=\"wp-block-media-text is-stacked-on-mobile\"><figure class=\"wp-block-media-text__media\"><img loading=\"lazy\" decoding=\"async\" width=\"696\" height=\"464\" src=\"https:\/\/interaccioninformativa.mx\/wp-content\/uploads\/2025\/07\/claudia-sheinbaum-a4b64ecd-focus-0-0-696-464.jpg\" alt=\"\" class=\"wp-image-359 size-full\" srcset=\"https:\/\/interaccioninformativa.mx\/wp-content\/uploads\/2025\/07\/claudia-sheinbaum-a4b64ecd-focus-0-0-696-464.jpg 696w, https:\/\/interaccioninformativa.mx\/wp-content\/uploads\/2025\/07\/claudia-sheinbaum-a4b64ecd-focus-0-0-696-464-300x200.jpg 300w\" sizes=\"auto, (max-width: 696px) 100vw, 696px\" \/><\/figure><div class=\"wp-block-media-text__content\">\n<p><em>La presidenta de M\u00e9xico, Claudia Sheinbaum, anunci\u00f3 que presentar\u00e1 una demanda por difamaci\u00f3n contra el abogado del narcotraficante Ovidio Guzm\u00e1n, Jeffrey Lichtman.<\/em><\/p>\n<\/div><\/div>\n\n\n<p>La presidenta de M\u00e9xico, Claudia Sheinbaum, anunci\u00f3 este lunes que presentar\u00e1 una demanda por difamaci\u00f3n contra el abogado del narcotraficante Ovidio Guzm\u00e1n, Jeffrey Lichtman, quien tild\u00f3 de \u00ababsurda\u00bb la postura del Gobierno mexicano por pedir participar en el acuerdo de culpabilidad del hijo de \u2018El Chapo\u2019 en Estados Unidos.<\/p>\n<p>\u201cNo voy a establecer di\u00e1logo con un abogado de narcotraficantes. N\u00famero uno. N\u00famero dos, vamos a presentar una demanda por difamaci\u00f3n aqu\u00ed en M\u00e9xico, porque no se puede dejar pasar a trav\u00e9s de la Consejer\u00eda Jur\u00eddica\u201d, se\u00f1al\u00f3 la mandataria durante su conferencia de prensa matutina.<\/p>\n<p>La reacci\u00f3n de Sheinbaum ocurre despu\u00e9s de que el viernes, apenas horas despu\u00e9s de que Ovidio Guzm\u00e1n se declarara culpable en una corte de Chicago por cuatro cargos &#8211; a cambio de colaborar con informaci\u00f3n sobre el c\u00e1rtel de Sinaloa-, Lichtman acus\u00f3 a M\u00e9xico de ignorar a otras figuras del narcotr\u00e1fico protegidas localmente.<\/p>\n<p>Litchman tambi\u00e9n cuestion\u00f3 que M\u00e9xico busque participar en el acuerdo cuando el Gobierno del expresidente Andr\u00e9s Manuel L\u00f3pez Obrador (2018-2024) \u00abviol\u00f3 un acuerdo bilateral\u00bb con EE.UU. cuando exoner\u00f3 al general Salvador Cienfuegos, tras pedir su extradici\u00f3n mientras era investigado por narcotr\u00e1fico en EE.UU.<\/p>\n<p>En respuesta, Sheinbaum afirm\u00f3 que su Gobierno no establece \u00abrelaciones de contubernio ni complicidad con nadie\u00bb.<\/p>\n<p>Este lunes, la gobernante mexicana dijo que en el caso Cienfuegos tiene que aclararse el tema \u201cporque es muy claro que hab\u00eda inocencia\u201d.<\/p>\n<p>Por ello, dijo que su gobierno buscar\u00e1 que se describa claramente c\u00f3mo fue todo el caso, desde la detenci\u00f3n del general, hasta su liberaci\u00f3n y c\u00f3mo la Fiscal\u00eda General de la Rep\u00fablica particip\u00f3 en el tema.<\/p>\n<p>El viernes, Ovidio Guzm\u00e1n, hijo de Joaqu\u00edn &#8216;el Chapo&#8217;, evit\u00f3 ir a juicio en EE.UU. tras declararse culpable de tr\u00e1fico de m\u00faltiples drogas (incluido el fentanilo) y participar en el crimen organizado.<\/p>\n<p>La jueza Sharon Coleman fijar\u00e1 su sentencia dentro de seis meses, y previsiblemente Guzm\u00e1n evitar\u00e1 la cadena perpetua al acceder a colaborar con la justicia.<\/p>\n<p>Sin embargo, el fiscal estadounidense indic\u00f3 que pedir\u00e1 una pena menor a la perpetua si Guzm\u00e1n cumple con su cooperaci\u00f3n, y solicit\u00f3 una multa de 80 millones de d\u00f3lares, aunque la jueza Coleman definir\u00e1 tanto la condena final como el monto definitivo.<\/p>","protected":false},"excerpt":{"rendered":"<div class=\"mh-excerpt\"><p>La presidenta de M\u00e9xico, Claudia Sheinbaum, anunci\u00f3 que presentar\u00e1 una demanda por difamaci\u00f3n contra el abogado del narcotraficante Ovidio Guzm\u00e1n, Jeffrey Lichtman. La presidenta de <a class=\"mh-excerpt-more\" href=\"https:\/\/interaccioninformativa.mx\/index.php\/2025\/07\/14\/mexico-presentara-demanda-contra-abogado-de-ovidio-guzman-por-difamacion\/\" title=\"M\u00e9xico presentar\u00e1 demanda contra abogado de Ovidio Guzm\u00e1n por difamaci\u00f3n\">[&#8230;]<\/a><\/p>\n<\/div>","protected":false},"author":1,"featured_media":359,"comment_status":"open","ping_status":"closed","sticky":false,"template":"","format":"standard","meta":{"footnotes":""},"categories":[1],"tags":[],"class_list":["post-358","post","type-post","status-publish","format-standard","has-post-thumbnail","hentry","category-noticias"],"_links":{"self":[{"href":"https:\/\/interaccioninformativa.mx\/index.php\/wp-json\/wp\/v2\/posts\/358","targetHints":{"allow":["GET"]}}],"collection":[{"href":"https:\/\/interaccioninformativa.mx\/index.php\/wp-json\/wp\/v2\/posts"}],"about":[{"href":"https:\/\/interaccioninformativa.mx\/index.php\/wp-json\/wp\/v2\/types\/post"}],"author":[{"embeddable":true,"href":"https:\/\/interaccioninformativa.mx\/index.php\/wp-json\/wp\/v2\/users\/1"}],"replies":[{"embeddable":true,"href":"https:\/\/interaccioninformativa.mx\/index.php\/wp-json\/wp\/v2\/comments?post=358"}],"version-history":[{"count":1,"href":"https:\/\/interaccioninformativa.mx\/index.php\/wp-json\/wp\/v2\/posts\/358\/revisions"}],"predecessor-version":[{"id":360,"href":"https:\/\/interaccioninformativa.mx\/index.php\/wp-json\/wp\/v2\/posts\/358\/revisions\/360"}],"wp:featuredmedia":[{"embeddable":true,"href":"https:\/\/interaccioninformativa.mx\/index.php\/wp-json\/wp\/v2\/media\/359"}],"wp:attachment":[{"href":"https:\/\/interaccioninformativa.mx\/index.php\/wp-json\/wp\/v2\/media?parent=358"}],"wp:term":[{"taxonomy":"category","embeddable":true,"href":"https:\/\/interaccioninformativa.mx\/index.php\/wp-json\/wp\/v2\/categories?post=358"},{"taxonomy":"post_tag","embeddable":true,"href":"https:\/\/interaccioninformativa.mx\/index.php\/wp-json\/wp\/v2\/tags?post=358"}],"curies":[{"name":"wp","href":"https:\/\/api.w.org\/{rel}","templated":true}]}}