{"id":361,"date":"2025-07-14T04:38:00","date_gmt":"2025-07-14T04:38:00","guid":{"rendered":"https:\/\/interaccioninformativa.mx\/?p=361"},"modified":"2025-07-14T17:03:15","modified_gmt":"2025-07-14T17:03:15","slug":"trump-impone-aranceles-del-30-a-mexico","status":"publish","type":"post","link":"https:\/\/interaccioninformativa.mx\/index.php\/2025\/07\/14\/trump-impone-aranceles-del-30-a-mexico\/","title":{"rendered":"Trump impone aranceles del 30% a M\u00e9xico"},"content":{"rendered":"\n<div class=\"wp-block-media-text is-stacked-on-mobile\"><figure class=\"wp-block-media-text__media\"><img loading=\"lazy\" decoding=\"async\" width=\"1024\" height=\"568\" src=\"https:\/\/interaccioninformativa.mx\/wp-content\/uploads\/2025\/07\/Copia-de-contenido-noticias-ag-2025-07-14T100621.533-1024x568.jpg\" alt=\"\" class=\"wp-image-362 size-full\" srcset=\"https:\/\/interaccioninformativa.mx\/wp-content\/uploads\/2025\/07\/Copia-de-contenido-noticias-ag-2025-07-14T100621.533-1024x568.jpg 1024w, https:\/\/interaccioninformativa.mx\/wp-content\/uploads\/2025\/07\/Copia-de-contenido-noticias-ag-2025-07-14T100621.533-300x166.jpg 300w, https:\/\/interaccioninformativa.mx\/wp-content\/uploads\/2025\/07\/Copia-de-contenido-noticias-ag-2025-07-14T100621.533-768x426.jpg 768w, https:\/\/interaccioninformativa.mx\/wp-content\/uploads\/2025\/07\/Copia-de-contenido-noticias-ag-2025-07-14T100621.533.jpg 1280w\" sizes=\"auto, (max-width: 1024px) 100vw, 1024px\" \/><\/figure><div class=\"wp-block-media-text__content\">\n<p>El presidente de Estados Unidos, Donald Trump, encendi\u00f3 de nuevo las tensiones del comercio global al anunciar aranceles del 30% a las exportaciones provenientes M\u00e9xico, una medida que entrar\u00e1 en vigor el 1 de agosto y que amenaza con escalar a\u00fan m\u00e1s si hay respuestas en sentido contrario.<\/p>\n<\/div><\/div>\n\n\n<p>La decisi\u00f3n fue comunicada por carta a la presidenta, Claudia Sheinbaum; el mensaje a M\u00e9xico incluy\u00f3 un argumento distinto al de otros pa\u00edses: la acusaci\u00f3n de inactividad en el combate al tr\u00e1fico de fentanilo, un tema que Trump ha utilizado con frecuencia en su ret\u00f3rica contra el pa\u00eds vecino. El anuncio sorprendi\u00f3 a los negociadores mexicanos, quienes se encontraban en Washington intentando alcanzar un acuerdo para evitar la sanci\u00f3n.<\/p>\n<p>Los nuevos aranceles llegan tras el vencimiento de una tregua de 90 d\u00edas otorgada por Trump en abril para renegociar acuerdos bilaterales. A lo largo de esta semana, m\u00e1s de 20 pa\u00edses han recibido notificaciones similares, con tarifas que oscilan entre el 20% y el 50%, seg\u00fan la postura de EE.UU. sobre asuntos comerciales o incluso pol\u00edticos, como en el caso de Brasil, castigado con un 50% tras el juicio a Jair Bolsonaro, aliado ideol\u00f3gico de Trump.<\/p>","protected":false},"excerpt":{"rendered":"<div class=\"mh-excerpt\"><p>El presidente de Estados Unidos, Donald Trump, encendi\u00f3 de nuevo las tensiones del comercio global al anunciar aranceles del 30% a las exportaciones provenientes M\u00e9xico, <a class=\"mh-excerpt-more\" href=\"https:\/\/interaccioninformativa.mx\/index.php\/2025\/07\/14\/trump-impone-aranceles-del-30-a-mexico\/\" title=\"Trump impone aranceles del 30% a M\u00e9xico\">[&#8230;]<\/a><\/p>\n<\/div>","protected":false},"author":1,"featured_media":362,"comment_status":"open","ping_status":"closed","sticky":false,"template":"","format":"standard","meta":{"footnotes":""},"categories":[1],"tags":[],"class_list":["post-361","post","type-post","status-publish","format-standard","has-post-thumbnail","hentry","category-noticias"],"_links":{"self":[{"href":"https:\/\/interaccioninformativa.mx\/index.php\/wp-json\/wp\/v2\/posts\/361","targetHints":{"allow":["GET"]}}],"collection":[{"href":"https:\/\/interaccioninformativa.mx\/index.php\/wp-json\/wp\/v2\/posts"}],"about":[{"href":"https:\/\/interaccioninformativa.mx\/index.php\/wp-json\/wp\/v2\/types\/post"}],"author":[{"embeddable":true,"href":"https:\/\/interaccioninformativa.mx\/index.php\/wp-json\/wp\/v2\/users\/1"}],"replies":[{"embeddable":true,"href":"https:\/\/interaccioninformativa.mx\/index.php\/wp-json\/wp\/v2\/comments?post=361"}],"version-history":[{"count":1,"href":"https:\/\/interaccioninformativa.mx\/index.php\/wp-json\/wp\/v2\/posts\/361\/revisions"}],"predecessor-version":[{"id":363,"href":"https:\/\/interaccioninformativa.mx\/index.php\/wp-json\/wp\/v2\/posts\/361\/revisions\/363"}],"wp:featuredmedia":[{"embeddable":true,"href":"https:\/\/interaccioninformativa.mx\/index.php\/wp-json\/wp\/v2\/media\/362"}],"wp:attachment":[{"href":"https:\/\/interaccioninformativa.mx\/index.php\/wp-json\/wp\/v2\/media?parent=361"}],"wp:term":[{"taxonomy":"category","embeddable":true,"href":"https:\/\/interaccioninformativa.mx\/index.php\/wp-json\/wp\/v2\/categories?post=361"},{"taxonomy":"post_tag","embeddable":true,"href":"https:\/\/interaccioninformativa.mx\/index.php\/wp-json\/wp\/v2\/tags?post=361"}],"curies":[{"name":"wp","href":"https:\/\/api.w.org\/{rel}","templated":true}]}}