{"id":379,"date":"2025-02-27T17:13:00","date_gmt":"2025-02-27T17:13:00","guid":{"rendered":"https:\/\/interaccioninformativa.mx\/?p=379"},"modified":"2025-07-14T17:20:17","modified_gmt":"2025-07-14T17:20:17","slug":"en-un-hecho-historico-mexico-traslada-a-29-importantes-narcotraficantes-a-estados-unidos","status":"publish","type":"post","link":"https:\/\/interaccioninformativa.mx\/index.php\/2025\/02\/27\/en-un-hecho-historico-mexico-traslada-a-29-importantes-narcotraficantes-a-estados-unidos\/","title":{"rendered":"En un hecho hist\u00f3rico, M\u00e9xico traslada a 29 importantes narcotraficantes a Estados Unidos"},"content":{"rendered":"\n<div class=\"wp-block-media-text is-stacked-on-mobile\"><figure class=\"wp-block-media-text__media\"><img loading=\"lazy\" decoding=\"async\" width=\"350\" height=\"250\" src=\"https:\/\/interaccioninformativa.mx\/wp-content\/uploads\/2025\/07\/2025-02-27-US-Mex-Narco-Extraditions.webp\" alt=\"\" class=\"wp-image-380 size-full\" srcset=\"https:\/\/interaccioninformativa.mx\/wp-content\/uploads\/2025\/07\/2025-02-27-US-Mex-Narco-Extraditions.webp 350w, https:\/\/interaccioninformativa.mx\/wp-content\/uploads\/2025\/07\/2025-02-27-US-Mex-Narco-Extraditions-300x214.webp 300w\" sizes=\"auto, (max-width: 350px) 100vw, 350px\" \/><\/figure><div class=\"wp-block-media-text__content\">\n<p>Las autoridades de M\u00e9xico trasladaron a un n\u00famero sin precedentes de infames narcotraficantes buscados en Estados Unidos en una medida que probablemente no transforme significativamente el panorama criminal del pa\u00eds, aunque plantea algunos interrogantes sobre la separaci\u00f3n de poderes en M\u00e9xico.<\/p>\n<\/div><\/div>\n\n\n\n<h2 class=\"wp-block-heading\" id=\"h-analisis-de-insight-crime\"><\/h2>\n\n\n<p>Durante a\u00f1os, Ovidio Guzm\u00e1n L\u00f3pez fue retratado como el heredero improbable de Joaqu\u00edn \u201cEl Chapo\u201d Guzm\u00e1n. Sin una carrera criminal tan visible como la de sus medios hermanos Iv\u00e1n Archivaldo y Jes\u00fas Alfredo Guzm\u00e1n Salazar, El Rat\u00f3n cobr\u00f3 notoriedad en 2019 tras su detenci\u00f3n y liberaci\u00f3n durante el llamado \u201cCuliacanazo\u201d, y m\u00e1s recientemente, por declararse culpable ante la justicia de Estados Unidos.<br \/>Hoy, seg\u00fan analistas, Ovidio podr\u00eda ser algo m\u00e1s que un heredero: el hombre que sepulte al mismo C\u00e1rtel de Sinaloa.<\/p>\n<p><br \/>La declaraci\u00f3n de culpabilidad de Ovidio Guzm\u00e1n L\u00f3pez ante la Corte Federal del Distrito Norte de Illinois no solo abre la puerta a una posible sentencia reducida.<\/p>\n<p>Para periodistas que han seguido de cerca su caso, este paso podr\u00eda marcar el inicio del colapso interno del C\u00e1rtel de Sinaloa y el fin simb\u00f3lico del legado de su padre. \u201cPodr\u00eda convertirse en el sepulturero del C\u00e1rtel de Sinaloa\u201d, dijo Jes\u00fas Lemus en el podcast Narcomundo, conducido junto a Jos\u00e9 Luis Montenegro.<br \/>Guzm\u00e1n L\u00f3pez \u2014de 35 a\u00f1os, detenido en enero de 2023 y extraditado en septiembre del mismo a\u00f1o\u2014 se declar\u00f3 culpable el pasado viernes 11 de julio de cuatro delitos graves: conspiraci\u00f3n para traficar drogas, lavado de dinero, uso de armas de fuego y participaci\u00f3n en una empresa criminal continua.<br \/>Seg\u00fan el Departamento de Justicia de Estados Unidos, su cooperaci\u00f3n podr\u00eda derivar en una condena considerablemente menor que la cadena perpetua que recibi\u00f3 su padre en 2019, y que lo mantiene hoy en la c\u00e1rcel de mayor seguridad en todo el pa\u00eds.<\/p>\n<p>Pero para Lemus, el gesto va m\u00e1s all\u00e1 del inter\u00e9s personal. \u201cEst\u00e1 buscando salvar a su familia, a la gente que tiene all\u00e1 [en Estados Unidos], y eso lo va a llevar a cantar todo\u201d, afirm\u00f3.<\/p>\n<p>El periodista record\u00f3 que en la audiencia de culpabilidad se asever\u00f3 que Ovidio Guzm\u00e1n se encuentra en una profunda depresi\u00f3n desde su extradici\u00f3n, lo que, junto con su aislamiento y p\u00e9rdida de poder dentro del c\u00e1rtel, lo ha colocado en una posici\u00f3n emocional vulnerable: \u201cYa no tiene nada que perder. Est\u00e1 solo\u201d, mencion\u00f3 el experto en temas de seguridad y narcotr\u00e1fico.<br \/>La relaci\u00f3n con sus hermanos tambi\u00e9n ser\u00eda un factor clave. Jos\u00e9 Luis Montenegro relat\u00f3 en el mismo episodio del podcast que \u201cmiembros de esta organizaci\u00f3n, inclusive primos, allegados, amigos tambi\u00e9n a los Chapitos, me dec\u00edan: \u2018Es que Iv\u00e1n Archivaldo y Jes\u00fas Alfredo en alg\u00fan momento no reconoc\u00edan como hermanos a Ovidio y a Joaqu\u00edn Guzm\u00e1n L\u00f3pez. Ten\u00edan diferencias, no se juntaban tanto con ellos, cada quien ten\u00eda su grupo de amigos, ten\u00edan diferentes actividades\u2019\u201d.<\/p>\n<p>Montenegro describi\u00f3 a Ovidio como un personaje alejado del protagonismo criminal: \u201cLe gustaba andar a caballo, cuidar cabezas de ganado. No era un tipo que se dedicara a traficar droga ni a presumir lujos\u201d.<\/p>\n<p>En ese contexto, Lemus sostuvo que la colaboraci\u00f3n entre Ovidio y su hermano Joaqu\u00edn ser\u00eda coordinada y asever\u00f3 que la carta fuerte ser\u00e1 la de El Rat\u00f3n, pues \u201cJoaqu\u00edn Guzm\u00e1n L\u00f3pez no va a aportar nada m\u00e1s de lo que ya aporte Ovidio Guzm\u00e1n\u201d.<\/p>\n<p>Para el periodista, ambos entregar\u00e1n la misma versi\u00f3n de los hechos, sin contradicciones, y alineados en un solo objetivo: obtener beneficios legales a cambio de informaci\u00f3n sobre la estructura criminal que heredaron.<\/p>\n<p>La ventana de seis meses y el debilitamiento progresivo<br \/>\u00d3scar Balderas, periodista especializado en crimen organizado, advirti\u00f3 que Ovidio tiene un plazo limitado para demostrar su utilidad como colaborador. \u201cOvidio, insisto, tiene seis meses para demostrar su valor. Si en seis meses \u00e9l no aporta informaci\u00f3n relevante a Estados Unidos, se le puede revocar la condici\u00f3n de testigo protegido o entonces van a ir sobre los dem\u00e1s cargos que todav\u00eda tiene pendientes\u201d, dijo en entrevista con MVS Noticias.<\/p>\n<p>Entre los beneficios que podr\u00eda buscar est\u00e1n una reducci\u00f3n de condena, una prisi\u00f3n de mediana seguridad y condiciones que le permitan mantener contacto con sus hijas y familiares. En mayo pasado, al menos 17 parientes suyos cruzaron la frontera por el puerto de San Ysidro, entre ellos su madre, Griselda L\u00f3pez P\u00e9rez.<\/p>\n<p>Para Balderas, la ca\u00edda de Ovidio puede leerse como un punto de inflexi\u00f3n dentro de un proceso prolongado de desgaste del C\u00e1rtel de Sinaloa, iniciado con la tercera captura del Chapo en 2016 y acentuado con su extradici\u00f3n en 2017.<\/p>\n<p>El intento fallido por detener a Ovidio en 2019, conocido como el Culiacanazo, y su recaptura en enero de 2023, marcaron el debilitamiento paulatino de su influencia armada y log\u00edstica que termin\u00f3 por explotar tras la ca\u00edda de Ismael El Mayo Zambada: \u201cSi el C\u00e1rtel de Sinaloa fuera un cuerpo, un organismo, ha ido entrando en una fase de enfermedad cada vez m\u00e1s grave\u201d, se\u00f1al\u00f3 el periodista.<\/p>\n\n\n<p><\/p>\n\n\n\n<p><\/p>\n\n\n\n<p><\/p>\n\n\n\n<p><\/p>\n\n\n\n<p><\/p>\n","protected":false},"excerpt":{"rendered":"<div class=\"mh-excerpt\"><p>Las autoridades de M\u00e9xico trasladaron a un n\u00famero sin precedentes de infames narcotraficantes buscados en Estados Unidos en una medida que probablemente no transforme significativamente <a class=\"mh-excerpt-more\" href=\"https:\/\/interaccioninformativa.mx\/index.php\/2025\/02\/27\/en-un-hecho-historico-mexico-traslada-a-29-importantes-narcotraficantes-a-estados-unidos\/\" title=\"En un hecho hist\u00f3rico, M\u00e9xico traslada a 29 importantes narcotraficantes a Estados Unidos\">[&#8230;]<\/a><\/p>\n<\/div>","protected":false},"author":1,"featured_media":380,"comment_status":"open","ping_status":"closed","sticky":false,"template":"","format":"standard","meta":{"footnotes":""},"categories":[1],"tags":[],"class_list":["post-379","post","type-post","status-publish","format-standard","has-post-thumbnail","hentry","category-noticias"],"_links":{"self":[{"href":"https:\/\/interaccioninformativa.mx\/index.php\/wp-json\/wp\/v2\/posts\/379","targetHints":{"allow":["GET"]}}],"collection":[{"href":"https:\/\/interaccioninformativa.mx\/index.php\/wp-json\/wp\/v2\/posts"}],"about":[{"href":"https:\/\/interaccioninformativa.mx\/index.php\/wp-json\/wp\/v2\/types\/post"}],"author":[{"embeddable":true,"href":"https:\/\/interaccioninformativa.mx\/index.php\/wp-json\/wp\/v2\/users\/1"}],"replies":[{"embeddable":true,"href":"https:\/\/interaccioninformativa.mx\/index.php\/wp-json\/wp\/v2\/comments?post=379"}],"version-history":[{"count":2,"href":"https:\/\/interaccioninformativa.mx\/index.php\/wp-json\/wp\/v2\/posts\/379\/revisions"}],"predecessor-version":[{"id":385,"href":"https:\/\/interaccioninformativa.mx\/index.php\/wp-json\/wp\/v2\/posts\/379\/revisions\/385"}],"wp:featuredmedia":[{"embeddable":true,"href":"https:\/\/interaccioninformativa.mx\/index.php\/wp-json\/wp\/v2\/media\/380"}],"wp:attachment":[{"href":"https:\/\/interaccioninformativa.mx\/index.php\/wp-json\/wp\/v2\/media?parent=379"}],"wp:term":[{"taxonomy":"category","embeddable":true,"href":"https:\/\/interaccioninformativa.mx\/index.php\/wp-json\/wp\/v2\/categories?post=379"},{"taxonomy":"post_tag","embeddable":true,"href":"https:\/\/interaccioninformativa.mx\/index.php\/wp-json\/wp\/v2\/tags?post=379"}],"curies":[{"name":"wp","href":"https:\/\/api.w.org\/{rel}","templated":true}]}}