{"id":389,"date":"2025-03-25T17:22:00","date_gmt":"2025-03-25T17:22:00","guid":{"rendered":"https:\/\/interaccioninformativa.mx\/?p=389"},"modified":"2025-07-14T17:23:13","modified_gmt":"2025-07-14T17:23:13","slug":"mexico-avanza-en-la-prevencion-de-enfermedades-por-vacunacion","status":"publish","type":"post","link":"https:\/\/interaccioninformativa.mx\/index.php\/2025\/03\/25\/mexico-avanza-en-la-prevencion-de-enfermedades-por-vacunacion\/","title":{"rendered":"M\u00e9xico avanza en la prevenci\u00f3n de enfermedades por vacunaci\u00f3n"},"content":{"rendered":"\n<div class=\"wp-block-media-text is-stacked-on-mobile\"><figure class=\"wp-block-media-text__media\"><img loading=\"lazy\" decoding=\"async\" width=\"1024\" height=\"683\" src=\"https:\/\/interaccioninformativa.mx\/wp-content\/uploads\/2025\/07\/reunionnacional-pvu-2025-mex-1200x800-1-1024x683.avif\" alt=\"\" class=\"wp-image-390 size-full\" srcset=\"https:\/\/interaccioninformativa.mx\/wp-content\/uploads\/2025\/07\/reunionnacional-pvu-2025-mex-1200x800-1-1024x683.avif 1024w, https:\/\/interaccioninformativa.mx\/wp-content\/uploads\/2025\/07\/reunionnacional-pvu-2025-mex-1200x800-1-300x200.avif 300w, https:\/\/interaccioninformativa.mx\/wp-content\/uploads\/2025\/07\/reunionnacional-pvu-2025-mex-1200x800-1-768x512.avif 768w, https:\/\/interaccioninformativa.mx\/wp-content\/uploads\/2025\/07\/reunionnacional-pvu-2025-mex-1200x800-1.avif 1420w\" sizes=\"auto, (max-width: 1024px) 100vw, 1024px\" \/><\/figure><div class=\"wp-block-media-text__content\">\n<p><strong>Ciudad de M\u00e9xico, 26 de marzo de 2025-\u00a0<\/strong>La Secretar\u00eda de Salud y la Organizaci\u00f3n Panamericana de la Salud\/Organizaci\u00f3n Mundial de la Salud (OPS\/OMS) realizaron en conjunto la \u201cReuni\u00f3n Nacional de Responsables en Vacunaci\u00f3n, Epidemiolog\u00eda y Violencia Sexual\u201d para reducir la incidencia de enfermedades prevenibles por vacunaci\u00f3n, actualizar al personal de salud en conceptos te\u00f3ricos y pr\u00e1cticos en materia de vacunaci\u00f3n, conocer las acciones estrat\u00e9gicas y l\u00edneas de acci\u00f3n del Programa de Vacunaci\u00f3n Universal (PVU), entre otros objetivos.<\/p>\n<\/div><\/div>\n\n\n<p>Durante la inauguraci\u00f3n de la reuni\u00f3n, programada del 25 al 27 de marzo y en la que participan 300 personas del programa de vacunaci\u00f3n, epidemiolog\u00eda y del programa de violencia sexual de las 32 entidades federativas, el subsecretario de Pol\u00edticas de Salud y Bienestar Poblacional, Ramiro L\u00f3pez Elizalde, destac\u00f3 que \u201cla vacunaci\u00f3n es mucho m\u00e1s que una herramienta m\u00e9dica. Estamos hablando de proteger a nuestras ni\u00f1as, ni\u00f1os, familias y nuestra comunidad&#8230;La vacunaci\u00f3n ha sido una de las conquistas m\u00e1s importantes de la humanidad\u201d.<\/p>\n<p>Anunci\u00f3 del 26 de abril al 3 de mayo, se realizar\u00e1 la Semana Nacional de Vacunaci\u00f3n, \u00abuna oportunidad para construir confianza y para decirle, a trav\u00e9s de las vacunas, a cada mexicana y mexicano, tu salud y tu vida nos importa. La vacunaci\u00f3n es un acto de amor y de responsabilidad colectiva\u00bb, resalt\u00f3.<\/p>\n<p>En este contexto, el representante de la OPS\/OMS en M\u00e9xico, Jos\u00e9 Moya Medina record\u00f3 que es a trav\u00e9s de la inmunizaci\u00f3n que se puede lograr la eliminaci\u00f3n del c\u00e1ncer cervicouterino, por ello, \u201csostener y mejorar las coberturas de vacunaci\u00f3n es un componente fundamental de la atenci\u00f3n primaria de salud e indudablemente son una de las mejores inversiones que los pa\u00edses pueden realizar en beneficio del estado de bienestar\u201d, dijo.<\/p>\n<p>El director del Centro Nacional para la Salud de la Infancia y la Adolescencia (CeNSIA), Daniel Aceves Villagran, subray\u00f3 que la vacunaci\u00f3n es una de las pol\u00edticas p\u00fablicas m\u00e1s importantes en materia de salud y por ello, subray\u00f3, el pa\u00eds inici\u00f3 con la vacunaci\u00f3n contra VPH en ni\u00f1os de 11 a\u00f1os o de quinto a\u00f1o de primaria. \u201cSe estima que cada a\u00f1o se salvan entre 3.5 y 5 millones de vidas gracias a la inmunizaci\u00f3n y se calcula que en los \u00faltimos 50 a\u00f1os se salvaron 154 millones de personas hubieran fallecido si no fuera por las vacunas\u201d, agreg\u00f3.<\/p>\n<p>La directora general del Centro Nacional de Equidad de G\u00e9nero, Salud Sexual y Reproductiva (CNEGSR), Teresa Ramos Arreola, dijo que esta reuni\u00f3n representa un ejercicio concreto de coordinaci\u00f3n y colaboraci\u00f3n a favor de la salud de la poblaci\u00f3n. \u201cUna acci\u00f3n que nos enorgullece es la inclusi\u00f3n de la vacuna contra VPH como parte de la atenci\u00f3n cl\u00ednica a ni\u00f1as y adolescentes v\u00edctimas de violaci\u00f3n sexual que no cuenten con antecedente vacunal\u2026esta medida representa una transformaci\u00f3n importante en el modelo de atenci\u00f3n\u201d.<\/p>\n<p>En este contexto, el director general de Epidemiolog\u00eda, Miguel \u00c1ngel Lezana Fern\u00e1ndez, habl\u00f3 de la importancia de la vigilancia epidemiol\u00f3gica \u201cporque nos orienta sobre d\u00f3nde se requieren acciones, eval\u00faa qu\u00e9 tan efectivas son las estrategias\u2026Estamos en un momento de reformularnos como profesionales de salud p\u00fablica ante los retos que tenemos, las condiciones est\u00e1n dadas para lograr avances y mejoras de salud en el pa\u00eds\u201d.<\/p>\n<p>En esta reuni\u00f3n nacional participa personal del programa de vacunaci\u00f3n, epidemiolog\u00eda y del programa de violencia sexual de todo el pa\u00eds y enlaces de estos programas del Instituto Mexicano del Seguro Social (IMSS), IMSS Bienestar, del Instituto de Seguridad y Servicios Sociales de los Trabajadores del Estado (ISSSTE), de la Secretar\u00eda de Defensa Nacional (Sedena), de la Secretar\u00eda de Marina (Semar) de Petr\u00f3leos Mexicanos (Pemex), entre otras.<\/p>\n<p>&nbsp;<\/p>","protected":false},"excerpt":{"rendered":"<div class=\"mh-excerpt\"><p>Ciudad de M\u00e9xico, 26 de marzo de 2025-\u00a0La Secretar\u00eda de Salud y la Organizaci\u00f3n Panamericana de la Salud\/Organizaci\u00f3n Mundial de la Salud (OPS\/OMS) realizaron en <a class=\"mh-excerpt-more\" href=\"https:\/\/interaccioninformativa.mx\/index.php\/2025\/03\/25\/mexico-avanza-en-la-prevencion-de-enfermedades-por-vacunacion\/\" title=\"M\u00e9xico avanza en la prevenci\u00f3n de enfermedades por vacunaci\u00f3n\">[&#8230;]<\/a><\/p>\n<\/div>","protected":false},"author":1,"featured_media":390,"comment_status":"open","ping_status":"closed","sticky":false,"template":"","format":"standard","meta":{"footnotes":""},"categories":[1],"tags":[],"class_list":["post-389","post","type-post","status-publish","format-standard","has-post-thumbnail","hentry","category-noticias"],"_links":{"self":[{"href":"https:\/\/interaccioninformativa.mx\/index.php\/wp-json\/wp\/v2\/posts\/389","targetHints":{"allow":["GET"]}}],"collection":[{"href":"https:\/\/interaccioninformativa.mx\/index.php\/wp-json\/wp\/v2\/posts"}],"about":[{"href":"https:\/\/interaccioninformativa.mx\/index.php\/wp-json\/wp\/v2\/types\/post"}],"author":[{"embeddable":true,"href":"https:\/\/interaccioninformativa.mx\/index.php\/wp-json\/wp\/v2\/users\/1"}],"replies":[{"embeddable":true,"href":"https:\/\/interaccioninformativa.mx\/index.php\/wp-json\/wp\/v2\/comments?post=389"}],"version-history":[{"count":1,"href":"https:\/\/interaccioninformativa.mx\/index.php\/wp-json\/wp\/v2\/posts\/389\/revisions"}],"predecessor-version":[{"id":391,"href":"https:\/\/interaccioninformativa.mx\/index.php\/wp-json\/wp\/v2\/posts\/389\/revisions\/391"}],"wp:featuredmedia":[{"embeddable":true,"href":"https:\/\/interaccioninformativa.mx\/index.php\/wp-json\/wp\/v2\/media\/390"}],"wp:attachment":[{"href":"https:\/\/interaccioninformativa.mx\/index.php\/wp-json\/wp\/v2\/media?parent=389"}],"wp:term":[{"taxonomy":"category","embeddable":true,"href":"https:\/\/interaccioninformativa.mx\/index.php\/wp-json\/wp\/v2\/categories?post=389"},{"taxonomy":"post_tag","embeddable":true,"href":"https:\/\/interaccioninformativa.mx\/index.php\/wp-json\/wp\/v2\/tags?post=389"}],"curies":[{"name":"wp","href":"https:\/\/api.w.org\/{rel}","templated":true}]}}