{"id":396,"date":"2024-11-14T17:36:00","date_gmt":"2024-11-14T17:36:00","guid":{"rendered":"https:\/\/interaccioninformativa.mx\/?p=396"},"modified":"2025-07-14T17:57:39","modified_gmt":"2025-07-14T17:57:39","slug":"claudia-sheinbaum-sostiene-su-primer-encuentro-con-senadores-y-diputados-morenistas","status":"publish","type":"post","link":"https:\/\/interaccioninformativa.mx\/index.php\/2024\/11\/14\/claudia-sheinbaum-sostiene-su-primer-encuentro-con-senadores-y-diputados-morenistas\/","title":{"rendered":"Claudia Sheinbaum sostiene su primer encuentro con senadores y diputados morenistas."},"content":{"rendered":"\n<div class=\"wp-block-media-text is-stacked-on-mobile\"><figure class=\"wp-block-media-text__media\"><img loading=\"lazy\" decoding=\"async\" width=\"1024\" height=\"619\" src=\"https:\/\/interaccioninformativa.mx\/wp-content\/uploads\/2025\/07\/Claudia-Sheinbaum-sostiene-su-primer-encuentro-con-senadores-y-diputados-morenistas-1024x619.png\" alt=\"\" class=\"wp-image-397 size-full\" srcset=\"https:\/\/interaccioninformativa.mx\/wp-content\/uploads\/2025\/07\/Claudia-Sheinbaum-sostiene-su-primer-encuentro-con-senadores-y-diputados-morenistas-1024x619.png 1024w, https:\/\/interaccioninformativa.mx\/wp-content\/uploads\/2025\/07\/Claudia-Sheinbaum-sostiene-su-primer-encuentro-con-senadores-y-diputados-morenistas-300x181.png 300w, https:\/\/interaccioninformativa.mx\/wp-content\/uploads\/2025\/07\/Claudia-Sheinbaum-sostiene-su-primer-encuentro-con-senadores-y-diputados-morenistas-768x465.png 768w, https:\/\/interaccioninformativa.mx\/wp-content\/uploads\/2025\/07\/Claudia-Sheinbaum-sostiene-su-primer-encuentro-con-senadores-y-diputados-morenistas-1536x929.png 1536w, https:\/\/interaccioninformativa.mx\/wp-content\/uploads\/2025\/07\/Claudia-Sheinbaum-sostiene-su-primer-encuentro-con-senadores-y-diputados-morenistas-2048x1239.png 2048w\" sizes=\"auto, (max-width: 1024px) 100vw, 1024px\" \/><\/figure><div class=\"wp-block-media-text__content\">\n<p>La presidenta de M\u00e9xico, Claudia Sheinbaum, se reuni\u00f3 este jueves en Palacio Nacional con algunos legisladores de Morena para hacer un llamado a la unidad. Diputados y senadores del oficialismo se reunieron con la mandataria por primera vez<\/p>\n<\/div><\/div>\n\n\n<p>desde que comenz\u00f3 su administraci\u00f3n para revisar la agenda y repasar las reformas que se han aprobado hasta el momento. El coordinador en el Senado, Ad\u00e1n Augusto L\u00f3pez, apunt\u00f3 que se trat\u00f3 de una \u201creuni\u00f3n de convivencia, de intercambio de opiniones, de ratificar el compromiso de seguir trabajando para que se consolide la 4T\u201d.<\/p>\n<p>Por su parte, el coordinador de Diputados, Ricardo Monreal, dijo que \u201chicimos un recuento de las reformas hechas hasta ahora, 45 art\u00edculos de la Constituci\u00f3n. Es pr\u00e1cticamente una nueva Constituci\u00f3n con las 40 modificaciones que nos restan\u201d.<\/p>\n<p>En su conferencia matutina del 14 de noviembre, Sheinbaum respondi\u00f3 al embajador de Estados Unidos en M\u00e9xico, Ken Salazar, por sus declaraciones recientes en las que sentenci\u00f3 que \u201cla estrategia de \u2018abrazos no balazos\u2019 (puesta en marcha en la Administraci\u00f3n de Andr\u00e9s Manuel L\u00f3pez Obrador) no funciona\u201d. La presidenta anticip\u00f3 que el Gobierno de M\u00e9xico emitir\u00e1 una nota diplom\u00e1tica por las declaraciones de Salazar. \u201cHay diferencias entre lo que dice el embajador de Estados Unidos un d\u00eda con lo que dice al otro d\u00eda; tal fue el caso de la reforma al Poder Judicial. En una ocasi\u00f3n dijo que le parec\u00eda bien y una semana despu\u00e9s dijo que iba a ser muy malo para M\u00e9xico. Entonces, cu\u00e1l declaraci\u00f3n escuchamos, \u00bfla de ayer o la de hace unos meses?. Tiene que haber consecuencia, tiene que haber l\u00f3gica en las declaraciones que hace uno, no puede no declarar primero una cosa y luego declarar otra\u201d, destac\u00f3 la presidenta.<\/p>","protected":false},"excerpt":{"rendered":"<div class=\"mh-excerpt\"><p>La presidenta de M\u00e9xico, Claudia Sheinbaum, se reuni\u00f3 este jueves en Palacio Nacional con algunos legisladores de Morena para hacer un llamado a la unidad. <a class=\"mh-excerpt-more\" href=\"https:\/\/interaccioninformativa.mx\/index.php\/2024\/11\/14\/claudia-sheinbaum-sostiene-su-primer-encuentro-con-senadores-y-diputados-morenistas\/\" title=\"Claudia Sheinbaum sostiene su primer encuentro con senadores y diputados morenistas.\">[&#8230;]<\/a><\/p>\n<\/div>","protected":false},"author":1,"featured_media":397,"comment_status":"open","ping_status":"closed","sticky":false,"template":"","format":"standard","meta":{"footnotes":""},"categories":[1],"tags":[],"class_list":["post-396","post","type-post","status-publish","format-standard","has-post-thumbnail","hentry","category-noticias"],"_links":{"self":[{"href":"https:\/\/interaccioninformativa.mx\/index.php\/wp-json\/wp\/v2\/posts\/396","targetHints":{"allow":["GET"]}}],"collection":[{"href":"https:\/\/interaccioninformativa.mx\/index.php\/wp-json\/wp\/v2\/posts"}],"about":[{"href":"https:\/\/interaccioninformativa.mx\/index.php\/wp-json\/wp\/v2\/types\/post"}],"author":[{"embeddable":true,"href":"https:\/\/interaccioninformativa.mx\/index.php\/wp-json\/wp\/v2\/users\/1"}],"replies":[{"embeddable":true,"href":"https:\/\/interaccioninformativa.mx\/index.php\/wp-json\/wp\/v2\/comments?post=396"}],"version-history":[{"count":1,"href":"https:\/\/interaccioninformativa.mx\/index.php\/wp-json\/wp\/v2\/posts\/396\/revisions"}],"predecessor-version":[{"id":398,"href":"https:\/\/interaccioninformativa.mx\/index.php\/wp-json\/wp\/v2\/posts\/396\/revisions\/398"}],"wp:featuredmedia":[{"embeddable":true,"href":"https:\/\/interaccioninformativa.mx\/index.php\/wp-json\/wp\/v2\/media\/397"}],"wp:attachment":[{"href":"https:\/\/interaccioninformativa.mx\/index.php\/wp-json\/wp\/v2\/media?parent=396"}],"wp:term":[{"taxonomy":"category","embeddable":true,"href":"https:\/\/interaccioninformativa.mx\/index.php\/wp-json\/wp\/v2\/categories?post=396"},{"taxonomy":"post_tag","embeddable":true,"href":"https:\/\/interaccioninformativa.mx\/index.php\/wp-json\/wp\/v2\/tags?post=396"}],"curies":[{"name":"wp","href":"https:\/\/api.w.org\/{rel}","templated":true}]}}