{"id":399,"date":"2025-01-03T17:38:00","date_gmt":"2025-01-03T17:38:00","guid":{"rendered":"https:\/\/interaccioninformativa.mx\/?p=399"},"modified":"2025-07-14T17:39:27","modified_gmt":"2025-07-14T17:39:27","slug":"enero-sera-el-mes-mas-frio-en-una-decada","status":"publish","type":"post","link":"https:\/\/interaccioninformativa.mx\/index.php\/2025\/01\/03\/enero-sera-el-mes-mas-frio-en-una-decada\/","title":{"rendered":"enero ser\u00e1 el mes m\u00e1s fr\u00edo en una d\u00e9cada"},"content":{"rendered":"\n<div class=\"wp-block-media-text is-stacked-on-mobile\"><figure class=\"wp-block-media-text__media\"><img loading=\"lazy\" decoding=\"async\" width=\"900\" height=\"754\" src=\"https:\/\/interaccioninformativa.mx\/wp-content\/uploads\/2025\/07\/GgYBtRfXUAACY_K.jpeg\" alt=\"\" class=\"wp-image-401 size-full\" srcset=\"https:\/\/interaccioninformativa.mx\/wp-content\/uploads\/2025\/07\/GgYBtRfXUAACY_K.jpeg 900w, https:\/\/interaccioninformativa.mx\/wp-content\/uploads\/2025\/07\/GgYBtRfXUAACY_K-300x251.jpeg 300w, https:\/\/interaccioninformativa.mx\/wp-content\/uploads\/2025\/07\/GgYBtRfXUAACY_K-768x643.jpeg 768w\" sizes=\"auto, (max-width: 900px) 100vw, 900px\" \/><\/figure><div class=\"wp-block-media-text__content\">\n<p>Alertan por la llegada de v\u00f3rtice polar en los pr\u00f3ximos d\u00edas, por lo que empeorar\u00e1 el clima con m\u00e1s fr\u00edo, lluvias y heladas.<\/p>\n\n\n\n<p><a href=\"https:\/\/x.com\/EnsedeCiencia\/status\/1875188910491599155\/photo\/1\"><\/a><\/p>\n<\/div><\/div>\n\n\n<div class=\"css-175oi2r\">\n<div class=\"css-175oi2r r-1s2bzr4\">\n<div id=\"id__scttkagcrx\" class=\"css-146c3p1 r-bcqeeo r-1ttztb7 r-qvutc0 r-37j5jr r-1inkyih r-16dba41 r-bnwqim r-135wba7\" dir=\"auto\" lang=\"es\" data-testid=\"tweetText\"><span class=\"css-1jxf684 r-bcqeeo r-1ttztb7 r-qvutc0 r-poiln3\">Alertan por la llegada de v\u00f3rtice polar en los pr\u00f3ximos d\u00edas, por lo que empeorar\u00e1 el clima con m\u00e1s fr\u00edo, lluvias y heladas.<\/span><\/div>\n<\/div>\n<\/div>\n<div class=\"css-175oi2r\">\n<div id=\"id__8p8zrn5z88\" class=\"css-175oi2r r-9aw3ui r-1s2bzr4\" aria-labelledby=\"id__tp6pdtxert id__zfvu8tmb72g\">\n<div class=\"css-175oi2r r-9aw3ui\">\n<div class=\"css-175oi2r\">\n<div class=\"css-175oi2r\">\n<div class=\"css-175oi2r r-18bvks7 r-1phboty r-rs99b7 r-1867qdf r-1udh08x r-o7ynqc r-6416eg r-1ny4l3l\">\n<div class=\"css-175oi2r\">\n<div class=\"css-175oi2r r-16y2uox r-1pi2tsx r-13qz1uu\">\n<div class=\"css-175oi2r r-1adg3ll r-1udh08x\">\u00a0<\/div>\n<\/div>\n<\/div>\n<\/div>\n<\/div>\n<\/div>\n<\/div>\n<\/div>\n<\/div>","protected":false},"excerpt":{"rendered":"<div class=\"mh-excerpt\"><p>Alertan por la llegada de v\u00f3rtice polar en los pr\u00f3ximos d\u00edas, por lo que empeorar\u00e1 el clima con m\u00e1s fr\u00edo, lluvias y heladas. Alertan por <a class=\"mh-excerpt-more\" href=\"https:\/\/interaccioninformativa.mx\/index.php\/2025\/01\/03\/enero-sera-el-mes-mas-frio-en-una-decada\/\" title=\"enero ser\u00e1 el mes m\u00e1s fr\u00edo en una d\u00e9cada\">[&#8230;]<\/a><\/p>\n<\/div>","protected":false},"author":1,"featured_media":401,"comment_status":"open","ping_status":"closed","sticky":false,"template":"","format":"standard","meta":{"footnotes":""},"categories":[1],"tags":[],"class_list":["post-399","post","type-post","status-publish","format-standard","has-post-thumbnail","hentry","category-noticias"],"_links":{"self":[{"href":"https:\/\/interaccioninformativa.mx\/index.php\/wp-json\/wp\/v2\/posts\/399","targetHints":{"allow":["GET"]}}],"collection":[{"href":"https:\/\/interaccioninformativa.mx\/index.php\/wp-json\/wp\/v2\/posts"}],"about":[{"href":"https:\/\/interaccioninformativa.mx\/index.php\/wp-json\/wp\/v2\/types\/post"}],"author":[{"embeddable":true,"href":"https:\/\/interaccioninformativa.mx\/index.php\/wp-json\/wp\/v2\/users\/1"}],"replies":[{"embeddable":true,"href":"https:\/\/interaccioninformativa.mx\/index.php\/wp-json\/wp\/v2\/comments?post=399"}],"version-history":[{"count":1,"href":"https:\/\/interaccioninformativa.mx\/index.php\/wp-json\/wp\/v2\/posts\/399\/revisions"}],"predecessor-version":[{"id":402,"href":"https:\/\/interaccioninformativa.mx\/index.php\/wp-json\/wp\/v2\/posts\/399\/revisions\/402"}],"wp:featuredmedia":[{"embeddable":true,"href":"https:\/\/interaccioninformativa.mx\/index.php\/wp-json\/wp\/v2\/media\/401"}],"wp:attachment":[{"href":"https:\/\/interaccioninformativa.mx\/index.php\/wp-json\/wp\/v2\/media?parent=399"}],"wp:term":[{"taxonomy":"category","embeddable":true,"href":"https:\/\/interaccioninformativa.mx\/index.php\/wp-json\/wp\/v2\/categories?post=399"},{"taxonomy":"post_tag","embeddable":true,"href":"https:\/\/interaccioninformativa.mx\/index.php\/wp-json\/wp\/v2\/tags?post=399"}],"curies":[{"name":"wp","href":"https:\/\/api.w.org\/{rel}","templated":true}]}}