{"id":403,"date":"2025-02-06T17:41:00","date_gmt":"2025-02-06T17:41:00","guid":{"rendered":"https:\/\/interaccioninformativa.mx\/?p=403"},"modified":"2025-07-14T17:43:15","modified_gmt":"2025-07-14T17:43:15","slug":"este-martes-empezamos-con-buenas-noticias-en-materia-de-seguridad","status":"publish","type":"post","link":"https:\/\/interaccioninformativa.mx\/index.php\/2025\/02\/06\/este-martes-empezamos-con-buenas-noticias-en-materia-de-seguridad\/","title":{"rendered":"Este martes empezamos con buenas noticias en materia de seguridad"},"content":{"rendered":"\n<div class=\"wp-block-media-text is-stacked-on-mobile\"><figure class=\"wp-block-media-text__media\"><img loading=\"lazy\" decoding=\"async\" width=\"1024\" height=\"707\" src=\"https:\/\/interaccioninformativa.mx\/wp-content\/uploads\/2025\/07\/GFrvA2NWsAAmUn6-1024x707.jpeg\" alt=\"\" class=\"wp-image-404 size-full\" srcset=\"https:\/\/interaccioninformativa.mx\/wp-content\/uploads\/2025\/07\/GFrvA2NWsAAmUn6-1024x707.jpeg 1024w, https:\/\/interaccioninformativa.mx\/wp-content\/uploads\/2025\/07\/GFrvA2NWsAAmUn6-300x207.jpeg 300w, https:\/\/interaccioninformativa.mx\/wp-content\/uploads\/2025\/07\/GFrvA2NWsAAmUn6-768x530.jpeg 768w, https:\/\/interaccioninformativa.mx\/wp-content\/uploads\/2025\/07\/GFrvA2NWsAAmUn6-1536x1061.jpeg 1536w, https:\/\/interaccioninformativa.mx\/wp-content\/uploads\/2025\/07\/GFrvA2NWsAAmUn6-2048x1414.jpeg 2048w\" sizes=\"auto, (max-width: 1024px) 100vw, 1024px\" \/><\/figure><div class=\"wp-block-media-text__content\">\n<p>el Jefe De Gobierno inform\u00f3 que enero fue el mes con el m\u00e1s bajo \u00edndice de delitos de alto impacto en todo el sexenio.<\/p>\n<\/div><\/div>\n\n\n<p>Esto en el Informe DeSeguridad: Resultados en la Reducci\u00f3n de Delitos.<\/p>","protected":false},"excerpt":{"rendered":"<div class=\"mh-excerpt\"><p>el Jefe De Gobierno inform\u00f3 que enero fue el mes con el m\u00e1s bajo \u00edndice de delitos de alto impacto en todo el sexenio. Esto <a class=\"mh-excerpt-more\" href=\"https:\/\/interaccioninformativa.mx\/index.php\/2025\/02\/06\/este-martes-empezamos-con-buenas-noticias-en-materia-de-seguridad\/\" title=\"Este martes empezamos con buenas noticias en materia de seguridad\">[&#8230;]<\/a><\/p>\n<\/div>","protected":false},"author":1,"featured_media":404,"comment_status":"open","ping_status":"closed","sticky":false,"template":"","format":"standard","meta":{"footnotes":""},"categories":[1],"tags":[],"class_list":["post-403","post","type-post","status-publish","format-standard","has-post-thumbnail","hentry","category-noticias"],"_links":{"self":[{"href":"https:\/\/interaccioninformativa.mx\/index.php\/wp-json\/wp\/v2\/posts\/403","targetHints":{"allow":["GET"]}}],"collection":[{"href":"https:\/\/interaccioninformativa.mx\/index.php\/wp-json\/wp\/v2\/posts"}],"about":[{"href":"https:\/\/interaccioninformativa.mx\/index.php\/wp-json\/wp\/v2\/types\/post"}],"author":[{"embeddable":true,"href":"https:\/\/interaccioninformativa.mx\/index.php\/wp-json\/wp\/v2\/users\/1"}],"replies":[{"embeddable":true,"href":"https:\/\/interaccioninformativa.mx\/index.php\/wp-json\/wp\/v2\/comments?post=403"}],"version-history":[{"count":1,"href":"https:\/\/interaccioninformativa.mx\/index.php\/wp-json\/wp\/v2\/posts\/403\/revisions"}],"predecessor-version":[{"id":405,"href":"https:\/\/interaccioninformativa.mx\/index.php\/wp-json\/wp\/v2\/posts\/403\/revisions\/405"}],"wp:featuredmedia":[{"embeddable":true,"href":"https:\/\/interaccioninformativa.mx\/index.php\/wp-json\/wp\/v2\/media\/404"}],"wp:attachment":[{"href":"https:\/\/interaccioninformativa.mx\/index.php\/wp-json\/wp\/v2\/media?parent=403"}],"wp:term":[{"taxonomy":"category","embeddable":true,"href":"https:\/\/interaccioninformativa.mx\/index.php\/wp-json\/wp\/v2\/categories?post=403"},{"taxonomy":"post_tag","embeddable":true,"href":"https:\/\/interaccioninformativa.mx\/index.php\/wp-json\/wp\/v2\/tags?post=403"}],"curies":[{"name":"wp","href":"https:\/\/api.w.org\/{rel}","templated":true}]}}