{"id":416,"date":"2024-02-20T17:51:00","date_gmt":"2024-02-20T17:51:00","guid":{"rendered":"https:\/\/interaccioninformativa.mx\/?p=416"},"modified":"2025-07-14T17:53:18","modified_gmt":"2025-07-14T17:53:18","slug":"emilio-lozoya-abandona-el-reclusorio-norte","status":"publish","type":"post","link":"https:\/\/interaccioninformativa.mx\/index.php\/2024\/02\/20\/emilio-lozoya-abandona-el-reclusorio-norte\/","title":{"rendered":"Emilio Lozoya abandona el Reclusorio Norte"},"content":{"rendered":"\n<div class=\"wp-block-media-text is-stacked-on-mobile\"><figure class=\"wp-block-media-text__media\"><img loading=\"lazy\" decoding=\"async\" width=\"1024\" height=\"593\" src=\"https:\/\/interaccioninformativa.mx\/wp-content\/uploads\/2025\/07\/Emilio-Lozoya-abandona-el-Reclusorio-Norte-1024x593.png\" alt=\"\" class=\"wp-image-419 size-full\" srcset=\"https:\/\/interaccioninformativa.mx\/wp-content\/uploads\/2025\/07\/Emilio-Lozoya-abandona-el-Reclusorio-Norte-1024x593.png 1024w, https:\/\/interaccioninformativa.mx\/wp-content\/uploads\/2025\/07\/Emilio-Lozoya-abandona-el-Reclusorio-Norte-300x174.png 300w, https:\/\/interaccioninformativa.mx\/wp-content\/uploads\/2025\/07\/Emilio-Lozoya-abandona-el-Reclusorio-Norte-768x445.png 768w, https:\/\/interaccioninformativa.mx\/wp-content\/uploads\/2025\/07\/Emilio-Lozoya-abandona-el-Reclusorio-Norte-1536x890.png 1536w, https:\/\/interaccioninformativa.mx\/wp-content\/uploads\/2025\/07\/Emilio-Lozoya-abandona-el-Reclusorio-Norte.png 1944w\" sizes=\"auto, (max-width: 1024px) 100vw, 1024px\" \/><\/figure><div class=\"wp-block-media-text__content\">\n<p>Ciudad de M\u00e9xico. Hoy a las 19:39 horas, el ex director de Petr\u00f3leos Mexicanos ( Pemex), Emilio Lozoya Austin abandon\u00f3 el Reclusorio Norte luego de que un juez de control de amparo le concedi\u00f3 llevar su proceso en libertad por el caso Odebrecht.<\/p>\n<\/div><\/div>\n\n\n<p>El ex funcionario cruz\u00f3 la zona de aduanas alrededor de las 19:30 horas y de inmediato abord\u00f3 una camioneta Toyota con vidrios polarizados, sin embargo, se acost\u00f3 para que los medios de comunicaci\u00f3n no lo fotografiaran.<\/p>\n<p>El ex funcionario regresar\u00e1 a las mismas condiciones que ten\u00eda antes de noviembre de 2021 cuando fue encarcelado en el Reclusorio Norte de la Ciudad de M\u00e9xico, podr\u00e1 transitar por toda la Ciudad de M\u00e9xico, pero no podr\u00e1 salid de ella ni fuera del pa\u00eds, deber\u00e1 portar un brazalete electr\u00f3nico y acudir cada 15 d\u00edas a firmar el libro de procesados.<\/p>\n<p>Lo anterior luego de que el Juez de Control Gerardo Genaro Alarc\u00f3n L\u00f3pez cumpliera una resoluci\u00f3n emitida el lunes por el segundo tribunal colegiado en materia de apelaci\u00f3n, que orden\u00f3 celebrar una audiencia y que de manera inmediata se pusiera en libertad a Lozoya Austin, al considerar que deb\u00edan modificarse las medidas cautelares, es decir, que permaneciera en prisi\u00f3n.<\/p>","protected":false},"excerpt":{"rendered":"<div class=\"mh-excerpt\"><p>Ciudad de M\u00e9xico. Hoy a las 19:39 horas, el ex director de Petr\u00f3leos Mexicanos ( Pemex), Emilio Lozoya Austin abandon\u00f3 el Reclusorio Norte luego de <a class=\"mh-excerpt-more\" href=\"https:\/\/interaccioninformativa.mx\/index.php\/2024\/02\/20\/emilio-lozoya-abandona-el-reclusorio-norte\/\" title=\"Emilio Lozoya abandona el Reclusorio Norte\">[&#8230;]<\/a><\/p>\n<\/div>","protected":false},"author":1,"featured_media":419,"comment_status":"open","ping_status":"closed","sticky":false,"template":"","format":"standard","meta":{"footnotes":""},"categories":[1],"tags":[],"class_list":["post-416","post","type-post","status-publish","format-standard","has-post-thumbnail","hentry","category-noticias"],"_links":{"self":[{"href":"https:\/\/interaccioninformativa.mx\/index.php\/wp-json\/wp\/v2\/posts\/416","targetHints":{"allow":["GET"]}}],"collection":[{"href":"https:\/\/interaccioninformativa.mx\/index.php\/wp-json\/wp\/v2\/posts"}],"about":[{"href":"https:\/\/interaccioninformativa.mx\/index.php\/wp-json\/wp\/v2\/types\/post"}],"author":[{"embeddable":true,"href":"https:\/\/interaccioninformativa.mx\/index.php\/wp-json\/wp\/v2\/users\/1"}],"replies":[{"embeddable":true,"href":"https:\/\/interaccioninformativa.mx\/index.php\/wp-json\/wp\/v2\/comments?post=416"}],"version-history":[{"count":1,"href":"https:\/\/interaccioninformativa.mx\/index.php\/wp-json\/wp\/v2\/posts\/416\/revisions"}],"predecessor-version":[{"id":420,"href":"https:\/\/interaccioninformativa.mx\/index.php\/wp-json\/wp\/v2\/posts\/416\/revisions\/420"}],"wp:featuredmedia":[{"embeddable":true,"href":"https:\/\/interaccioninformativa.mx\/index.php\/wp-json\/wp\/v2\/media\/419"}],"wp:attachment":[{"href":"https:\/\/interaccioninformativa.mx\/index.php\/wp-json\/wp\/v2\/media?parent=416"}],"wp:term":[{"taxonomy":"category","embeddable":true,"href":"https:\/\/interaccioninformativa.mx\/index.php\/wp-json\/wp\/v2\/categories?post=416"},{"taxonomy":"post_tag","embeddable":true,"href":"https:\/\/interaccioninformativa.mx\/index.php\/wp-json\/wp\/v2\/tags?post=416"}],"curies":[{"name":"wp","href":"https:\/\/api.w.org\/{rel}","templated":true}]}}