{"id":422,"date":"2024-03-26T18:02:00","date_gmt":"2024-03-26T18:02:00","guid":{"rendered":"https:\/\/interaccioninformativa.mx\/?p=422"},"modified":"2025-07-14T18:02:34","modified_gmt":"2025-07-14T18:02:34","slug":"informa-sedema-sobre-incendios-forestales-en-la-ciudad-de-mexico","status":"publish","type":"post","link":"https:\/\/interaccioninformativa.mx\/index.php\/2024\/03\/26\/informa-sedema-sobre-incendios-forestales-en-la-ciudad-de-mexico\/","title":{"rendered":"Informa Sedema sobre incendios forestales en la Ciudad de M\u00e9xico."},"content":{"rendered":"\n<div class=\"wp-block-media-text is-stacked-on-mobile\"><figure class=\"wp-block-media-text__media\"><img loading=\"lazy\" decoding=\"async\" width=\"640\" height=\"360\" src=\"https:\/\/interaccioninformativa.mx\/wp-content\/uploads\/2025\/07\/Informa-Sedema-sobre-incendios-forestales-en-la-Ciudad-de-Mexico.jpeg\" alt=\"\" class=\"wp-image-423 size-full\" srcset=\"https:\/\/interaccioninformativa.mx\/wp-content\/uploads\/2025\/07\/Informa-Sedema-sobre-incendios-forestales-en-la-Ciudad-de-Mexico.jpeg 640w, https:\/\/interaccioninformativa.mx\/wp-content\/uploads\/2025\/07\/Informa-Sedema-sobre-incendios-forestales-en-la-Ciudad-de-Mexico-300x169.jpeg 300w\" sizes=\"auto, (max-width: 640px) 100vw, 640px\" \/><\/figure><div class=\"wp-block-media-text__content\">\n<p>En la capital el 100 por ciento de los incendios forestales son provocados por acciones humanas, por ello se reitera el llamado a la ciudadan\u00eda para evitar incendios forestales.<\/p>\n<\/div><\/div>\n\n\n<p>La Secretar\u00eda del Medio Ambiente (Sedema) de la Ciudad de M\u00e9xico informa que del 1 de enero al 23 de marzo de 2024 se han registrado y atendido 594 incendios forestales, que han afectado mil 80 hect\u00e1reas, principalmente vegetaci\u00f3n herb\u00e1cea.<\/p>\n<p>Aunque la condici\u00f3n meteorol\u00f3gica podr\u00eda generar condiciones propicias para que puedan presentarse incendios forestales, en la capital del pa\u00eds el 100 por ciento de los incendios forestales se asocian a actividades humanas, por ello se pide a la ciudadan\u00eda su colaboraci\u00f3n para no realizar:<\/p>\n<p>\u2022 Quemas agr\u00edcolas<\/p>\n<p>\u2022 Quemas por pastoreo<\/p>\n<p>\u2022 Quema de residuos<\/p>\n<p>\u2022 Fogatas<\/p>\n<p>Tambi\u00e9n se solicita no tirar residuos en los bosques ni en la v\u00eda p\u00fablica, ni dejar fragmentos de vidrio, cristales, espejos o botellas ya que, por la acci\u00f3n de los rayos solares, puedan convertirse en una fuente de calor y provocar un incendio. Otra recomendaci\u00f3n es evitar fumar en bosques y no arrojar las colillas o cerillos.<\/p>\n<p>En caso de detectar un incendio forestal se debe dar aviso al Centro Estatal del Manejo de Fuego en los tel\u00e9fonos: 5541650822, 5541650823, as\u00ed como al 911, y por ning\u00fan motivo intervenir ni actuar por cuenta propia para combatir el incendio.<\/p>\n<p>A nivel nacional, los meses de marzo, abril y mayo son los m\u00e1s secos y cuando se presentan efectos clim\u00e1ticos como El Ni\u00f1o en su fase positiva, se favorecen las condiciones para que haya m\u00e1s incendios forestales. Sin embargo, para dicho per\u00edodo en el presente a\u00f1o, se espera un debilitamiento de El Ni\u00f1o y una transici\u00f3n a condiciones neutrales, lo cual propiciar\u00e1 condiciones ligeramente m\u00e1s h\u00famedas en el centro del pa\u00eds y la regi\u00f3n del Valle de M\u00e9xico al final de la temporada.<\/p>\n<p>Es importante informar a la poblaci\u00f3n que la calidad del aire de la Ciudad de M\u00e9xico no s\u00f3lo puede verse afectada por los incendios que ocurren en la capital, sino por incendios forestales que se registran en la zona centro del pa\u00eds, ya que el humo puede desplazarse hasta la ciudad e incluso generar contingencias ambientales.<\/p>\n<p>La temporada de incendios forestales se clasifica en dos etapas: entre octubre, noviembre y diciembre la denominan como una etapa de prevenci\u00f3n f\u00edsica, y de enero a mayo o junio es la temporada de combate, por ello se encuentra activo el Operativo para Combatir Incendios Forestales 2024.<\/p>\n<p>&nbsp;<\/p>","protected":false},"excerpt":{"rendered":"<div class=\"mh-excerpt\"><p>En la capital el 100 por ciento de los incendios forestales son provocados por acciones humanas, por ello se reitera el llamado a la ciudadan\u00eda <a class=\"mh-excerpt-more\" href=\"https:\/\/interaccioninformativa.mx\/index.php\/2024\/03\/26\/informa-sedema-sobre-incendios-forestales-en-la-ciudad-de-mexico\/\" title=\"Informa Sedema sobre incendios forestales en la Ciudad de M\u00e9xico.\">[&#8230;]<\/a><\/p>\n<\/div>","protected":false},"author":1,"featured_media":423,"comment_status":"open","ping_status":"closed","sticky":false,"template":"","format":"standard","meta":{"footnotes":""},"categories":[1],"tags":[],"class_list":["post-422","post","type-post","status-publish","format-standard","has-post-thumbnail","hentry","category-noticias"],"_links":{"self":[{"href":"https:\/\/interaccioninformativa.mx\/index.php\/wp-json\/wp\/v2\/posts\/422","targetHints":{"allow":["GET"]}}],"collection":[{"href":"https:\/\/interaccioninformativa.mx\/index.php\/wp-json\/wp\/v2\/posts"}],"about":[{"href":"https:\/\/interaccioninformativa.mx\/index.php\/wp-json\/wp\/v2\/types\/post"}],"author":[{"embeddable":true,"href":"https:\/\/interaccioninformativa.mx\/index.php\/wp-json\/wp\/v2\/users\/1"}],"replies":[{"embeddable":true,"href":"https:\/\/interaccioninformativa.mx\/index.php\/wp-json\/wp\/v2\/comments?post=422"}],"version-history":[{"count":1,"href":"https:\/\/interaccioninformativa.mx\/index.php\/wp-json\/wp\/v2\/posts\/422\/revisions"}],"predecessor-version":[{"id":424,"href":"https:\/\/interaccioninformativa.mx\/index.php\/wp-json\/wp\/v2\/posts\/422\/revisions\/424"}],"wp:featuredmedia":[{"embeddable":true,"href":"https:\/\/interaccioninformativa.mx\/index.php\/wp-json\/wp\/v2\/media\/423"}],"wp:attachment":[{"href":"https:\/\/interaccioninformativa.mx\/index.php\/wp-json\/wp\/v2\/media?parent=422"}],"wp:term":[{"taxonomy":"category","embeddable":true,"href":"https:\/\/interaccioninformativa.mx\/index.php\/wp-json\/wp\/v2\/categories?post=422"},{"taxonomy":"post_tag","embeddable":true,"href":"https:\/\/interaccioninformativa.mx\/index.php\/wp-json\/wp\/v2\/tags?post=422"}],"curies":[{"name":"wp","href":"https:\/\/api.w.org\/{rel}","templated":true}]}}