{"id":425,"date":"2025-04-07T18:07:00","date_gmt":"2025-04-07T18:07:00","guid":{"rendered":"https:\/\/interaccioninformativa.mx\/?p=425"},"modified":"2025-07-14T18:08:05","modified_gmt":"2025-07-14T18:08:05","slug":"mexico-lanza-estrategia-de-salud-casa-por-casa-para-prevenir-y-combatir-enfermedades","status":"publish","type":"post","link":"https:\/\/interaccioninformativa.mx\/index.php\/2025\/04\/07\/mexico-lanza-estrategia-de-salud-casa-por-casa-para-prevenir-y-combatir-enfermedades\/","title":{"rendered":"M\u00e9xico lanza estrategia de salud casa por casa para prevenir y combatir enfermedades"},"content":{"rendered":"\n<div class=\"wp-block-media-text is-stacked-on-mobile\"><figure class=\"wp-block-media-text__media\"><img loading=\"lazy\" decoding=\"async\" width=\"1024\" height=\"683\" src=\"https:\/\/interaccioninformativa.mx\/wp-content\/uploads\/2025\/07\/diamundialdelasalud-campanacdmx-casaporcasa-grupal-2025-mex-1200x800-1-1024x683.avif\" alt=\"\" class=\"wp-image-426 size-full\" srcset=\"https:\/\/interaccioninformativa.mx\/wp-content\/uploads\/2025\/07\/diamundialdelasalud-campanacdmx-casaporcasa-grupal-2025-mex-1200x800-1-1024x683.avif 1024w, https:\/\/interaccioninformativa.mx\/wp-content\/uploads\/2025\/07\/diamundialdelasalud-campanacdmx-casaporcasa-grupal-2025-mex-1200x800-1-300x200.avif 300w, https:\/\/interaccioninformativa.mx\/wp-content\/uploads\/2025\/07\/diamundialdelasalud-campanacdmx-casaporcasa-grupal-2025-mex-1200x800-1-768x512.avif 768w, https:\/\/interaccioninformativa.mx\/wp-content\/uploads\/2025\/07\/diamundialdelasalud-campanacdmx-casaporcasa-grupal-2025-mex-1200x800-1.avif 1420w\" sizes=\"auto, (max-width: 1024px) 100vw, 1024px\" \/><\/figure><div class=\"wp-block-media-text__content\">\n<p>Ciudad de M\u00e9xico, 07 de abril de 2025- En el marco del D\u00eda Mundial de la Salud, el Gobierno de la Ciudad de M\u00e9xico dio inicio oficial al programa \u201cCiudad que Late y Produce Salud\u201d para combatir tres epidemias que afectan a la poblaci\u00f3n en la capital del pa\u00eds: diabetes, enfermedades cardiovasculares y obesidad.<\/p>\n<\/div><\/div>\n\n\n<p>Durante el acto protocolario, realizado en el Jard\u00edn Bot\u00e1nico del Bosque de Chapultepec, la jefa de Gobierno, Clara Brugada, destac\u00f3 que esta iniciativa se alinea con las estrategias del Gobierno Federal para territorializar y cuidar la salud de las personas a trav\u00e9s de brigadas que recorrer\u00e1n cada barrio y cada colonia para mejorar la salud de todas las personas.<\/p>\n<p>\u201cNo hay mejor inversi\u00f3n en la salud que la prevenci\u00f3n. Y eso comienza\u2026desde las madres embarazadas, y para ello tenemos previsto un programa especial para ellas\u2026y tambi\u00e9n tenemos el programa Desde la Cuna, enfocada en los primeros mil d\u00edas de vida de las ni\u00f1as y de los ni\u00f1os\u201d, inform\u00f3.<\/p>\n<p>Por su parte, la secretaria de Salud de la Ciudad de M\u00e9xico, Nadine Gasman, reconoci\u00f3 que es importante implementar acciones preventivas que incluyan la actividad f\u00edsica, la asesor\u00eda nutricional, la educaci\u00f3n en salud y la detecci\u00f3n oportuna, para abordar los problemas de salud p\u00fablica de una manera integral.<br \/>\u201cEs urgente cambiar nuestro modelo, no s\u00f3lo de salud, sino nuestro modelo de vida. Dejar atr\u00e1s esta idea de que todo se cura con una pastilla y apostar por un sistema preventivo, donde tengamos promoci\u00f3n de la salud, y las posibilidades de ejercer nuevos estilos de vida\u201d.<\/p>\n<p>En este sentido, el representante de la Organizaci\u00f3n Panamericana de la Salud\/Organizaci\u00f3n Mundial de la Salud (OPS\/OMS) en M\u00e9xico, Jos\u00e9 Moya, destac\u00f3 que el lema del d\u00eda mundial de este a\u00f1o es \u201cComienzos saludables, futuros esperanzadores\u201d, habl\u00f3 de la Iniciativa de Cero Muertes Maternas Evitables e inform\u00f3 que durante todo el a\u00f1o los pa\u00edses en el mundo impulsar\u00e1n acciones para disminuir la mortalidad materna, que en 2023 les cost\u00f3 la vida a 7 mil 850 mujeres de la regi\u00f3n de las Am\u00e9ricas.<\/p>\n<p>Por lo que es necesario, dijo, abordar las desigualdades en el acceso a la atenci\u00f3n de la salud sexual, reproductiva, materna y neonatal. Garantizar los cuidados de salud durante todo el embarazo, as\u00ed como la atenci\u00f3n del reci\u00e9n nacido, que iniciar\u00e1 su alimentaci\u00f3n exclusiva con la lactancia materna, as\u00ed como el inicio y la aplicaci\u00f3n de sus vacunas.<\/p>\n<p>\u201cEn los pueblos y comunidades ind\u00edgenas, la atenci\u00f3n de la madre y el ni\u00f1o incluye el respeto a los saberes ancestrales, con servicios de salud interculturales, donde las parteras tradicionales pueden sentirse parte del Sistema de Atenci\u00f3n de Salud\u201d, subray\u00f3.<\/p>\n<p>Con la participaci\u00f3n de autoridades y personal de salud, se dio el banderazo oficial al programa \u201cCiudad que Late y Produce Salud\u201d, en el que participan mil promotores de salud.<\/p>","protected":false},"excerpt":{"rendered":"<div class=\"mh-excerpt\"><p>Ciudad de M\u00e9xico, 07 de abril de 2025- En el marco del D\u00eda Mundial de la Salud, el Gobierno de la Ciudad de M\u00e9xico dio <a class=\"mh-excerpt-more\" href=\"https:\/\/interaccioninformativa.mx\/index.php\/2025\/04\/07\/mexico-lanza-estrategia-de-salud-casa-por-casa-para-prevenir-y-combatir-enfermedades\/\" title=\"M\u00e9xico lanza estrategia de salud casa por casa para prevenir y combatir enfermedades\">[&#8230;]<\/a><\/p>\n<\/div>","protected":false},"author":1,"featured_media":426,"comment_status":"open","ping_status":"closed","sticky":false,"template":"","format":"standard","meta":{"footnotes":""},"categories":[1],"tags":[],"class_list":["post-425","post","type-post","status-publish","format-standard","has-post-thumbnail","hentry","category-noticias"],"_links":{"self":[{"href":"https:\/\/interaccioninformativa.mx\/index.php\/wp-json\/wp\/v2\/posts\/425","targetHints":{"allow":["GET"]}}],"collection":[{"href":"https:\/\/interaccioninformativa.mx\/index.php\/wp-json\/wp\/v2\/posts"}],"about":[{"href":"https:\/\/interaccioninformativa.mx\/index.php\/wp-json\/wp\/v2\/types\/post"}],"author":[{"embeddable":true,"href":"https:\/\/interaccioninformativa.mx\/index.php\/wp-json\/wp\/v2\/users\/1"}],"replies":[{"embeddable":true,"href":"https:\/\/interaccioninformativa.mx\/index.php\/wp-json\/wp\/v2\/comments?post=425"}],"version-history":[{"count":1,"href":"https:\/\/interaccioninformativa.mx\/index.php\/wp-json\/wp\/v2\/posts\/425\/revisions"}],"predecessor-version":[{"id":427,"href":"https:\/\/interaccioninformativa.mx\/index.php\/wp-json\/wp\/v2\/posts\/425\/revisions\/427"}],"wp:featuredmedia":[{"embeddable":true,"href":"https:\/\/interaccioninformativa.mx\/index.php\/wp-json\/wp\/v2\/media\/426"}],"wp:attachment":[{"href":"https:\/\/interaccioninformativa.mx\/index.php\/wp-json\/wp\/v2\/media?parent=425"}],"wp:term":[{"taxonomy":"category","embeddable":true,"href":"https:\/\/interaccioninformativa.mx\/index.php\/wp-json\/wp\/v2\/categories?post=425"},{"taxonomy":"post_tag","embeddable":true,"href":"https:\/\/interaccioninformativa.mx\/index.php\/wp-json\/wp\/v2\/tags?post=425"}],"curies":[{"name":"wp","href":"https:\/\/api.w.org\/{rel}","templated":true}]}}