{"id":428,"date":"2025-01-21T18:09:00","date_gmt":"2025-01-21T18:09:00","guid":{"rendered":"https:\/\/interaccioninformativa.mx\/?p=428"},"modified":"2025-07-14T18:11:14","modified_gmt":"2025-07-14T18:11:14","slug":"mexico-esta-preparado-para-enfrentar-nuevas-politicas-de-trump-morena","status":"publish","type":"post","link":"https:\/\/interaccioninformativa.mx\/index.php\/2025\/01\/21\/mexico-esta-preparado-para-enfrentar-nuevas-politicas-de-trump-morena\/","title":{"rendered":"M\u00e9xico est\u00e1 preparado para enfrentar nuevas pol\u00edticas de Trump: Morena"},"content":{"rendered":"\n<div class=\"wp-block-media-text is-stacked-on-mobile\"><figure class=\"wp-block-media-text__media\"><img loading=\"lazy\" decoding=\"async\" width=\"800\" height=\"600\" src=\"https:\/\/interaccioninformativa.mx\/wp-content\/uploads\/2025\/07\/Morena-mexico-esta-preparado.jpg\" alt=\"\" class=\"wp-image-429 size-full\" srcset=\"https:\/\/interaccioninformativa.mx\/wp-content\/uploads\/2025\/07\/Morena-mexico-esta-preparado.jpg 800w, https:\/\/interaccioninformativa.mx\/wp-content\/uploads\/2025\/07\/Morena-mexico-esta-preparado-300x225.jpg 300w, https:\/\/interaccioninformativa.mx\/wp-content\/uploads\/2025\/07\/Morena-mexico-esta-preparado-768x576.jpg 768w\" sizes=\"auto, (max-width: 800px) 100vw, 800px\" \/><\/figure><div class=\"wp-block-media-text__content\">\n<p>Morena en el Congreso de la Uni\u00f3n asegur\u00f3 que M\u00e9xico est\u00e1 preparado para hacer frente a pol\u00edticas de Estados Unidos y anunci\u00f3 que respaldar\u00e1 al gobierno de Claudia Sheinbaum frente a \u00f3rdenes ejecutivas de Donald Trump.<br><br><\/p>\n<\/div><\/div>\n\n\n<p>Despu\u00e9s de que Donald Trump asumi\u00f3 la presidencia de Estados Unidos y anunci\u00f3 sus primeras ordenes ejecutivas, Morena en el Congreso de la Uni\u00f3n asegur\u00f3 que el Estado Mexicano est\u00e1 listo para hacer frente a deportaciones masivas y a respaldar las acciones del gobierno con reformas legislativas.<\/p>\n<p>&nbsp;<\/p>\n<p>El coordinador de la bancada mayoritaria en la C\u00e1mara de Diputados, Ricardo Monreal, destac\u00f3 que las medidas unilaterales no resolver\u00e1n el problema migratorio e indic\u00f3 que acompa\u00f1ar\u00e1n las decisiones que tome el gobierno mexicano:<\/p>\n<p>&nbsp;<\/p>\n<p>\u201cEstamos preparados a pesar de que son presagios negativos, el tema de la deportaci\u00f3n masiva probable, derivada de una orden ejecutiva que pudiera emitirse el d\u00eda de hoy, el Estado mexicano est\u00e1 preparado. Nosotros creemos que medidas unilaterales, decisiones unilaterales; no resolver\u00e1n el problema migratorio en el pa\u00eds\u201d.<\/p>\n<p>&nbsp;<\/p>\n<p>Por su parte, el presidente del Senado, Gerardo Fern\u00e1ndez Noro\u00f1a dese\u00f3 \u00e9xito al nuevo gobierno de Estados Unidos menos en pol\u00edticas racistas y clasistas. Adem\u00e1s rechaz\u00f3 cualquier medida intervencionista con pretexto de perseguir a narcotraficantes.<\/p>\n<p>&nbsp;<\/p>\n<p>\u201cBueno eso ser\u00eda el riesgo de una intervenci\u00f3n militar directa, eso es inaceptable, somos una naci\u00f3n independiente y soberana, somos pacifistas, nosotros no vamos a enfrentar al ej\u00e9rcito de los Estados Unidos, pero no vamos a permitir una intervenci\u00f3n militar.<\/p>\n<p>&nbsp;<\/p>\n<p>Nosotros tampoco queremos ser una estrella m\u00e1s de la Uni\u00f3n Americana, nosotros somos una naci\u00f3n con ra\u00edces culturales profund\u00edsimas y con una historia muy fuerte, muy tr\u00e1gica en algunos momentos justo con Estados Unidos y justo por eso vamos a defender nuestra independencia y soberan\u00eda con u\u00f1as y dientes, ah\u00ed no nos vamos a mover un mil\u00edmetro\u201d.<\/p>\n<p>&nbsp;<\/p>\n<p>Morena agreg\u00f3 que su agenda legislativa tendr\u00e1 como temas prioritarios acciones para respaldar a M\u00e9xico y este preparado frente a \u00f3rdenes ejecutivas del vecino pa\u00eds.<\/p>\n<p><br \/>Mientras tanto, el coordinador del PT en San L\u00e1zaro, Reginaldo Sandoval expres\u00f3 el respaldo de su bancada a la presidenta, Claudia Sheinbaum y su compromiso con la unidad nacional y el fortalecimiento de la soberan\u00eda mexicana.<\/p>","protected":false},"excerpt":{"rendered":"<div class=\"mh-excerpt\"><p>Morena en el Congreso de la Uni\u00f3n asegur\u00f3 que M\u00e9xico est\u00e1 preparado para hacer frente a pol\u00edticas de Estados Unidos y anunci\u00f3 que respaldar\u00e1 al <a class=\"mh-excerpt-more\" href=\"https:\/\/interaccioninformativa.mx\/index.php\/2025\/01\/21\/mexico-esta-preparado-para-enfrentar-nuevas-politicas-de-trump-morena\/\" title=\"M\u00e9xico est\u00e1 preparado para enfrentar nuevas pol\u00edticas de Trump: Morena\">[&#8230;]<\/a><\/p>\n<\/div>","protected":false},"author":1,"featured_media":429,"comment_status":"open","ping_status":"closed","sticky":false,"template":"","format":"standard","meta":{"footnotes":""},"categories":[1],"tags":[],"class_list":["post-428","post","type-post","status-publish","format-standard","has-post-thumbnail","hentry","category-noticias"],"_links":{"self":[{"href":"https:\/\/interaccioninformativa.mx\/index.php\/wp-json\/wp\/v2\/posts\/428","targetHints":{"allow":["GET"]}}],"collection":[{"href":"https:\/\/interaccioninformativa.mx\/index.php\/wp-json\/wp\/v2\/posts"}],"about":[{"href":"https:\/\/interaccioninformativa.mx\/index.php\/wp-json\/wp\/v2\/types\/post"}],"author":[{"embeddable":true,"href":"https:\/\/interaccioninformativa.mx\/index.php\/wp-json\/wp\/v2\/users\/1"}],"replies":[{"embeddable":true,"href":"https:\/\/interaccioninformativa.mx\/index.php\/wp-json\/wp\/v2\/comments?post=428"}],"version-history":[{"count":1,"href":"https:\/\/interaccioninformativa.mx\/index.php\/wp-json\/wp\/v2\/posts\/428\/revisions"}],"predecessor-version":[{"id":430,"href":"https:\/\/interaccioninformativa.mx\/index.php\/wp-json\/wp\/v2\/posts\/428\/revisions\/430"}],"wp:featuredmedia":[{"embeddable":true,"href":"https:\/\/interaccioninformativa.mx\/index.php\/wp-json\/wp\/v2\/media\/429"}],"wp:attachment":[{"href":"https:\/\/interaccioninformativa.mx\/index.php\/wp-json\/wp\/v2\/media?parent=428"}],"wp:term":[{"taxonomy":"category","embeddable":true,"href":"https:\/\/interaccioninformativa.mx\/index.php\/wp-json\/wp\/v2\/categories?post=428"},{"taxonomy":"post_tag","embeddable":true,"href":"https:\/\/interaccioninformativa.mx\/index.php\/wp-json\/wp\/v2\/tags?post=428"}],"curies":[{"name":"wp","href":"https:\/\/api.w.org\/{rel}","templated":true}]}}