{"id":433,"date":"2024-04-08T18:30:00","date_gmt":"2024-04-08T18:30:00","guid":{"rendered":"https:\/\/interaccioninformativa.mx\/?p=433"},"modified":"2025-07-14T18:31:05","modified_gmt":"2025-07-14T18:31:05","slug":"eclipse-total-solar-se-vive-en-mexico","status":"publish","type":"post","link":"https:\/\/interaccioninformativa.mx\/index.php\/2024\/04\/08\/eclipse-total-solar-se-vive-en-mexico\/","title":{"rendered":"Eclipse total solar se vive en Me\u0301xico."},"content":{"rendered":"\n<div class=\"wp-block-media-text is-stacked-on-mobile\"><figure class=\"wp-block-media-text__media\"><img loading=\"lazy\" decoding=\"async\" width=\"1024\" height=\"620\" src=\"https:\/\/interaccioninformativa.mx\/wp-content\/uploads\/2025\/07\/Eclipse-total-solar-se-vive-en-Mexico-1024x620.jpg\" alt=\"\" class=\"wp-image-442 size-full\" srcset=\"https:\/\/interaccioninformativa.mx\/wp-content\/uploads\/2025\/07\/Eclipse-total-solar-se-vive-en-Mexico-1024x620.jpg 1024w, https:\/\/interaccioninformativa.mx\/wp-content\/uploads\/2025\/07\/Eclipse-total-solar-se-vive-en-Mexico-300x182.jpg 300w, https:\/\/interaccioninformativa.mx\/wp-content\/uploads\/2025\/07\/Eclipse-total-solar-se-vive-en-Mexico-768x465.jpg 768w, https:\/\/interaccioninformativa.mx\/wp-content\/uploads\/2025\/07\/Eclipse-total-solar-se-vive-en-Mexico.jpg 1100w\" sizes=\"auto, (max-width: 1024px) 100vw, 1024px\" \/><\/figure><div class=\"wp-block-media-text__content\">\n<p>8 de abril de 2024 Desde el puerto de Mazatl\u00e1n, Sinaloa, el presidente Andr\u00e9s Manuel L\u00f3pez Obrador afirm\u00f3 que el eclipse solar que se observ\u00f3 de forma total en el norte del pa\u00eds, y parcial en resto de la Rep\u00fablica este 8 de abril, es un d\u00eda inolvidable, interesante y bello. \u201cUn privilegio vivir para contarlo\u201d.<\/p>\n<\/div><\/div>\n\n\n<p>Expertas del Consejo Nacional de Humanidades, Ciencias y Tecnolog\u00edas (Conahcyt) y de la Universidad Nacional Aut\u00f3noma de M\u00e9xico (UNAM) ahondaron en los conocimientos cient\u00edficos y saberes ancestrales que envuelven estos eventos astron\u00f3micos.<\/p>\n<p>Hicieron referencia a la arquitectura, escritura y saberes mesoamericanos como un manifiesto de los conocimientos aztecas y mayas sobre Matem\u00e1ticas, Astronom\u00eda, Geometr\u00eda y Ac\u00fastica, as\u00ed como de su capacidad para observar y registrar los fen\u00f3menos celestes, lo que permiti\u00f3 elaborar calendarios precisos y advertir la ocurrencia de eclipses.<\/p>\n<p>Mencionaron que un eclipse solar total como el ocurrido hoy 8 de abril, fue la se\u00f1al para fundar M\u00e9xico-Tenochtitl\u00e1n en el centro del Lago de la Luna; as\u00ed como que la traza urbana y edificios prehisp\u00e1nicos son expresiones de los conocimientos sobre el movimiento de los astros.<\/p>\n<p>Las expertas recordaron que un eclipse es un evento astron\u00f3mico que sucede cuando el Sol, la Luna y la Tierra se alinean, provocando la proyecci\u00f3n de la sombra de la Tierra sobre la Luna o de la Luna sobre la Tierra. Un eclipse solar ocurre cuando el disco de la Luna pasa por delante del disco del Sol, y se puede presentar de tres maneras: total, anular y parcial.<\/p>\n<p>Los eclipses totales \u2014como el que se observ\u00f3 este d\u00eda en Coahuila, Durango y Sinaloa\u2014 se presentan cuando la Luna cubre por completo al astro rey y se aprecia la ausencia de luz parecida a la noche. En el caso de los parciales se producen cuando el sat\u00e9lite lunar cubre una parte del Sol y la iluminaci\u00f3n del ambiente no desaparece, s\u00f3lo se reduce. Un evento astron\u00f3mico similar y de tal importancia no se repetir\u00e1 en M\u00e9xico hasta el a\u00f1o 2052.<\/p>\n<p>Los eclipses pueden ser observados con m\u00e9todos indirectos o con instrumentos como telescopios, lentes y binoculares que cuenten con los filtros adecuados y certificados que cumplan la norma ISO 12312-2. En los eclipses parciales o en las fases de parcialidad\u2014, su radiaci\u00f3n puede producir da\u00f1os irreversibles a la vista como ceguera parcial o total.<\/p>\n<p>Los lentes especiales Conahcyt, que fueron distribuidos de manera gratuita en el puerto de Mazatl\u00e1n y otras ciudades de entidades como Ciudad de M\u00e9xico, Coahuila, Guanajuato, Michoac\u00e1n, Puebla, Quer\u00e9taro, Sinaloa y Tabasco, sumaron la participaci\u00f3n de Centros P\u00fablicos y empresas nacionales para su dise\u00f1o y desarrollo.<\/p>\n<p>La conferencia presidencial cont\u00f3 con la participaci\u00f3n de la directora general del Conahcyt, Dra. Mar\u00eda Elena \u00c1lvarez-Buylla Roces; de la investigadora em\u00e9rita del Instituto de Astronom\u00eda de la UNAM, Dra. Silvia Torres Castilleja, primera mujer mexicana en obtener un doctorado en Astronom\u00eda (Universidad de California, Berkeley); y la investigadora por M\u00e9xico del Conahcyt, Dra. Ana Patricia Torres Campos Licastro.<\/p>\n<p>El eclipse solar 2024 fue transmitido por el Instituto Nacional de Astrof\u00edsica, \u00d3ptica y Electr\u00f3nica (INAOE), Centro P\u00fablico coordinado por Conahcyt.<\/p>","protected":false},"excerpt":{"rendered":"<div class=\"mh-excerpt\"><p>8 de abril de 2024 Desde el puerto de Mazatl\u00e1n, Sinaloa, el presidente Andr\u00e9s Manuel L\u00f3pez Obrador afirm\u00f3 que el eclipse solar que se observ\u00f3 <a class=\"mh-excerpt-more\" href=\"https:\/\/interaccioninformativa.mx\/index.php\/2024\/04\/08\/eclipse-total-solar-se-vive-en-mexico\/\" title=\"Eclipse total solar se vive en Me\u0301xico.\">[&#8230;]<\/a><\/p>\n<\/div>","protected":false},"author":1,"featured_media":442,"comment_status":"open","ping_status":"closed","sticky":false,"template":"","format":"standard","meta":{"footnotes":""},"categories":[1],"tags":[],"class_list":["post-433","post","type-post","status-publish","format-standard","has-post-thumbnail","hentry","category-noticias"],"_links":{"self":[{"href":"https:\/\/interaccioninformativa.mx\/index.php\/wp-json\/wp\/v2\/posts\/433","targetHints":{"allow":["GET"]}}],"collection":[{"href":"https:\/\/interaccioninformativa.mx\/index.php\/wp-json\/wp\/v2\/posts"}],"about":[{"href":"https:\/\/interaccioninformativa.mx\/index.php\/wp-json\/wp\/v2\/types\/post"}],"author":[{"embeddable":true,"href":"https:\/\/interaccioninformativa.mx\/index.php\/wp-json\/wp\/v2\/users\/1"}],"replies":[{"embeddable":true,"href":"https:\/\/interaccioninformativa.mx\/index.php\/wp-json\/wp\/v2\/comments?post=433"}],"version-history":[{"count":1,"href":"https:\/\/interaccioninformativa.mx\/index.php\/wp-json\/wp\/v2\/posts\/433\/revisions"}],"predecessor-version":[{"id":443,"href":"https:\/\/interaccioninformativa.mx\/index.php\/wp-json\/wp\/v2\/posts\/433\/revisions\/443"}],"wp:featuredmedia":[{"embeddable":true,"href":"https:\/\/interaccioninformativa.mx\/index.php\/wp-json\/wp\/v2\/media\/442"}],"wp:attachment":[{"href":"https:\/\/interaccioninformativa.mx\/index.php\/wp-json\/wp\/v2\/media?parent=433"}],"wp:term":[{"taxonomy":"category","embeddable":true,"href":"https:\/\/interaccioninformativa.mx\/index.php\/wp-json\/wp\/v2\/categories?post=433"},{"taxonomy":"post_tag","embeddable":true,"href":"https:\/\/interaccioninformativa.mx\/index.php\/wp-json\/wp\/v2\/tags?post=433"}],"curies":[{"name":"wp","href":"https:\/\/api.w.org\/{rel}","templated":true}]}}