{"id":455,"date":"2025-01-08T18:42:00","date_gmt":"2025-01-08T18:42:00","guid":{"rendered":"https:\/\/interaccioninformativa.mx\/?p=455"},"modified":"2025-07-14T18:42:49","modified_gmt":"2025-07-14T18:42:49","slug":"a-estados-unidos-vamos-a-llamarle-america-mexicana-se-oye-bonito-la-respuesta-de-claudia-sheinbaum-a-trump-por-querer-cambiar-el-nombre-del-golfo-de-mexico","status":"publish","type":"post","link":"https:\/\/interaccioninformativa.mx\/index.php\/2025\/01\/08\/a-estados-unidos-vamos-a-llamarle-america-mexicana-se-oye-bonito-la-respuesta-de-claudia-sheinbaum-a-trump-por-querer-cambiar-el-nombre-del-golfo-de-mexico\/","title":{"rendered":"\u00abA Estados Unidos vamos a llamarle Am\u00e9rica Mexicana, se oye bonito\u00bb: la respuesta de Claudia Sheinbaum a Trump por querer cambiar el nombre del Golfo de M\u00e9xico"},"content":{"rendered":"\n<div class=\"wp-block-media-text is-stacked-on-mobile\"><figure class=\"wp-block-media-text__media\"><img loading=\"lazy\" decoding=\"async\" width=\"800\" height=\"450\" src=\"https:\/\/interaccioninformativa.mx\/wp-content\/uploads\/2025\/07\/b6a8eca0-cdea-11ef-8b5f-053924efe558.jpg.webp\" alt=\"\" class=\"wp-image-456 size-full\" srcset=\"https:\/\/interaccioninformativa.mx\/wp-content\/uploads\/2025\/07\/b6a8eca0-cdea-11ef-8b5f-053924efe558.jpg.webp 800w, https:\/\/interaccioninformativa.mx\/wp-content\/uploads\/2025\/07\/b6a8eca0-cdea-11ef-8b5f-053924efe558.jpg-300x169.webp 300w, https:\/\/interaccioninformativa.mx\/wp-content\/uploads\/2025\/07\/b6a8eca0-cdea-11ef-8b5f-053924efe558.jpg-768x432.webp 768w\" sizes=\"auto, (max-width: 800px) 100vw, 800px\" \/><\/figure><div class=\"wp-block-media-text__content\">\n<p>Claudia Sheinbaum le respondi\u00f3 a Trump mostrando un mapamundi de 1607.<\/p>\n<\/div><\/div>\n\n\n<p>Un d\u00eda despu\u00e9s de que el presidente electo de Estados Unidos, Donald Trump, propusiera cambiar el nombre del Golfo de M\u00e9xico por el de \u00abGolfo de Am\u00e9rica\u00bb, la presidenta mexicana sali\u00f3 a responderle.<\/p>\n<p>Con una sonrisa y mostrando un mapamundi de 1607 en el que aparece una parte del territorio mexicano y una parte del territorio estadounidense como una sola unidad -sin la separaci\u00f3n lim\u00edtrofe que existe en la actualidad-, Claudia Sheinbaum propuso renombrar esa geograf\u00eda.<\/p>\n<p>\u00ab\u00bfPor qu\u00e9 no le llamamos Am\u00e9rica Mexicana? Se oye bonito \u00bfno?, \u00bfverdad que s\u00ed?\u00bb, plante\u00f3 Sheinbaum.<\/p>\n<p>\u00abDesde 1607, la Constituci\u00f3n de Apatzing\u00e1n era de Am\u00e9rica Mexicana. Entonces, vamos a llamarle Am\u00e9rica Mexicana\u00bb, agreg\u00f3.<\/p>\n<p>\u00abYo creo que ayer, con todo respeto, al presidente Trump le mal informaron que en M\u00e9xico todav\u00eda gobernaban Felipe Calder\u00f3n y Garc\u00eda Luna, pero no. En M\u00e9xico gobierna el pueblo\u00bb, concluy\u00f3 la presidenta.<\/p>\n<p>\u00bfQu\u00e9 dijo Trump?<br \/>Trump expres\u00f3 el martes su idea de cambiar el nombre del Golfo de M\u00e9xico por el de Golfo de Am\u00e9rica.<\/p>\n<p>\u00abMuy pronto vamos a anunciar el cambio\u2026 porque nosotros hacemos la mayor parte del trabajo all\u00ed y es nuestro \u2026 vamos a cambiar el nombre del Golfo de M\u00e9xico por el de Golfo de Am\u00e9rica\u00bb.<\/p>\n<p>\u00abGolfo de Am\u00e9rica, qu\u00e9 nombre tan hermoso. Y es apropiado \u2026\u00bb, agreg\u00f3, sin dar m\u00e1s detalles sobre su propuesta.<\/p>\n<p>Luego, dijo que M\u00e9xico \u00abdebe dejar de permitir que millones de personas se vuelquen sobre nuestro pa\u00eds\u00bb y posteriormente volvi\u00f3 a reiterar su amenaza de imponer aranceles \u00abmuy serios\u00bb a M\u00e9xico y Canad\u00e1.<\/p>\n<p>Trump no explic\u00f3 c\u00f3mo y cu\u00e1ndo piensa concretar su propuesta de cambio de nombre, pero, poco despu\u00e9s de sus comentarios, la legisladora republicana Marjorie Taylor Greene afirm\u00f3 que presentar\u00eda un proyecto de ley para realizar el cambio.<\/p>\n<p>\u00abEl segundo mandato del presidente Trump ha tenido un GRAN comienzo\u00bb, escribi\u00f3 Taylor Greene en la red social X. \u00ab\u00a1Presentar\u00e9 una legislaci\u00f3n lo antes posible para cambiar oficialmente el nombre del Golfo de M\u00e9xico a su nombre leg\u00edtimo, el Golfo de Am\u00e9rica!\u00bb.<\/p>","protected":false},"excerpt":{"rendered":"<div class=\"mh-excerpt\"><p>Claudia Sheinbaum le respondi\u00f3 a Trump mostrando un mapamundi de 1607. Un d\u00eda despu\u00e9s de que el presidente electo de Estados Unidos, Donald Trump, propusiera <a class=\"mh-excerpt-more\" href=\"https:\/\/interaccioninformativa.mx\/index.php\/2025\/01\/08\/a-estados-unidos-vamos-a-llamarle-america-mexicana-se-oye-bonito-la-respuesta-de-claudia-sheinbaum-a-trump-por-querer-cambiar-el-nombre-del-golfo-de-mexico\/\" title=\"\u00abA Estados Unidos vamos a llamarle Am\u00e9rica Mexicana, se oye bonito\u00bb: la respuesta de Claudia Sheinbaum a Trump por querer cambiar el nombre del Golfo de M\u00e9xico\">[&#8230;]<\/a><\/p>\n<\/div>","protected":false},"author":1,"featured_media":456,"comment_status":"open","ping_status":"closed","sticky":false,"template":"","format":"standard","meta":{"footnotes":""},"categories":[1],"tags":[],"class_list":["post-455","post","type-post","status-publish","format-standard","has-post-thumbnail","hentry","category-noticias"],"_links":{"self":[{"href":"https:\/\/interaccioninformativa.mx\/index.php\/wp-json\/wp\/v2\/posts\/455","targetHints":{"allow":["GET"]}}],"collection":[{"href":"https:\/\/interaccioninformativa.mx\/index.php\/wp-json\/wp\/v2\/posts"}],"about":[{"href":"https:\/\/interaccioninformativa.mx\/index.php\/wp-json\/wp\/v2\/types\/post"}],"author":[{"embeddable":true,"href":"https:\/\/interaccioninformativa.mx\/index.php\/wp-json\/wp\/v2\/users\/1"}],"replies":[{"embeddable":true,"href":"https:\/\/interaccioninformativa.mx\/index.php\/wp-json\/wp\/v2\/comments?post=455"}],"version-history":[{"count":1,"href":"https:\/\/interaccioninformativa.mx\/index.php\/wp-json\/wp\/v2\/posts\/455\/revisions"}],"predecessor-version":[{"id":457,"href":"https:\/\/interaccioninformativa.mx\/index.php\/wp-json\/wp\/v2\/posts\/455\/revisions\/457"}],"wp:featuredmedia":[{"embeddable":true,"href":"https:\/\/interaccioninformativa.mx\/index.php\/wp-json\/wp\/v2\/media\/456"}],"wp:attachment":[{"href":"https:\/\/interaccioninformativa.mx\/index.php\/wp-json\/wp\/v2\/media?parent=455"}],"wp:term":[{"taxonomy":"category","embeddable":true,"href":"https:\/\/interaccioninformativa.mx\/index.php\/wp-json\/wp\/v2\/categories?post=455"},{"taxonomy":"post_tag","embeddable":true,"href":"https:\/\/interaccioninformativa.mx\/index.php\/wp-json\/wp\/v2\/tags?post=455"}],"curies":[{"name":"wp","href":"https:\/\/api.w.org\/{rel}","templated":true}]}}