{"id":461,"date":"2024-05-25T18:46:00","date_gmt":"2024-05-25T18:46:00","guid":{"rendered":"https:\/\/interaccioninformativa.mx\/?p=461"},"modified":"2025-07-14T18:47:23","modified_gmt":"2025-07-14T18:47:23","slug":"cnte-consigue-aumento-salarial-del-13-tras-protestas-y-planton-en-el-zocalo","status":"publish","type":"post","link":"https:\/\/interaccioninformativa.mx\/index.php\/2024\/05\/25\/cnte-consigue-aumento-salarial-del-13-tras-protestas-y-planton-en-el-zocalo\/","title":{"rendered":"CNTE consigue aumento salarial del 13% tras protestas y plant\u00f3n en el Z\u00f3calo."},"content":{"rendered":"\n<div class=\"wp-block-media-text is-stacked-on-mobile\"><figure class=\"wp-block-media-text__media\"><img loading=\"lazy\" decoding=\"async\" width=\"992\" height=\"600\" src=\"https:\/\/interaccioninformativa.mx\/wp-content\/uploads\/2025\/07\/CNTE-consigue-aumento-salarial-del-13-tras-protestas-y-planton-en-el-Zocalo.jpg\" alt=\"\" class=\"wp-image-462 size-full\" srcset=\"https:\/\/interaccioninformativa.mx\/wp-content\/uploads\/2025\/07\/CNTE-consigue-aumento-salarial-del-13-tras-protestas-y-planton-en-el-Zocalo.jpg 992w, https:\/\/interaccioninformativa.mx\/wp-content\/uploads\/2025\/07\/CNTE-consigue-aumento-salarial-del-13-tras-protestas-y-planton-en-el-Zocalo-300x181.jpg 300w, https:\/\/interaccioninformativa.mx\/wp-content\/uploads\/2025\/07\/CNTE-consigue-aumento-salarial-del-13-tras-protestas-y-planton-en-el-Zocalo-768x465.jpg 768w\" sizes=\"auto, (max-width: 992px) 100vw, 992px\" \/><\/figure><div class=\"wp-block-media-text__content\">\n<p>El l\u00edder de la secci\u00f3n 9, Pedro Hern\u00e1ndez, inform\u00f3 que en la reuni\u00f3n que sostuvieron con la SEP y la Autoridad Educativa Federal de la Ciudad de M\u00e9xico, se acord\u00f3 el incremento salarial, adem\u00e1s de otros beneficios.<\/p>\n<\/div><\/div>\n\n\n<p>Tras 10 d\u00edas de protestas y la instalaci\u00f3n de un plant\u00f3n en el Z\u00f3calo de la Ciudad de M\u00e9xico, la Coordinadora Nacional de Trabajadores de la Educaci\u00f3n (CNTE) consigui\u00f3 un aumento salarial del 13%.<\/p>\n<p><br \/>As\u00ed lo inform\u00f3 el l\u00edder de la secci\u00f3n 9, Pedro Hern\u00e1ndez, a la salida de la mesa tripartita que sostuvieron con la Secretar\u00eda de Educaci\u00f3n P\u00fablica (SEP) y con la Autoridad Educativa Federal de la Ciudad de M\u00e9xico, en la que se acord\u00f3 el incremento salarial, adem\u00e1s de otros beneficios para dicha secci\u00f3n.<\/p>\n<p>Este aumento es superior al anunciado el pasado 15 de mayo por el presidente Andr\u00e9s Manuel L\u00f3pez Obrador y que las y los trabajadores de la educaci\u00f3n consideraron insuficiente.<\/p>\n<p>\u201cEs m\u00e1s de 10 por ciento que nos hab\u00edan dado y eso pone de manifiesto la importancia de la lucha que hemos dado desde diciembre y que hoy se vio con m\u00e1s fuerza\u201d, dijo Hern\u00e1ndez. <br \/>Se estima que el incremento ser\u00e1 de 11.08% directo al salario y 2% para prestaciones.<\/p>\n<p>El profesor Roberto G\u00f3mez explic\u00f3 que con esta medida, el salario de los profesores de base inicial -de primaria, preescolar y educaci\u00f3n especial- aumentar\u00e1 de 12 mil 200 pesos mensuales a poco m\u00e1s de 14 mil.<\/p>\n<p>\u201cEso significa que neto, ya sin descuentos, aproximadamente son mil 700 pesos mensuales m\u00e1s\u201d, detall\u00f3.<\/p>\n<p>Adem\u00e1s, indic\u00f3 que cada maestro por plaza deber\u00e1 recibir un retroactivo de 17 mil pesos, el cual podr\u00eda ser entregado en junio de este a\u00f1o.<\/p>\n<p>&nbsp;<\/p>","protected":false},"excerpt":{"rendered":"<div class=\"mh-excerpt\"><p>El l\u00edder de la secci\u00f3n 9, Pedro Hern\u00e1ndez, inform\u00f3 que en la reuni\u00f3n que sostuvieron con la SEP y la Autoridad Educativa Federal de la <a class=\"mh-excerpt-more\" href=\"https:\/\/interaccioninformativa.mx\/index.php\/2024\/05\/25\/cnte-consigue-aumento-salarial-del-13-tras-protestas-y-planton-en-el-zocalo\/\" title=\"CNTE consigue aumento salarial del 13% tras protestas y plant\u00f3n en el Z\u00f3calo.\">[&#8230;]<\/a><\/p>\n<\/div>","protected":false},"author":1,"featured_media":462,"comment_status":"open","ping_status":"closed","sticky":false,"template":"","format":"standard","meta":{"footnotes":""},"categories":[1],"tags":[],"class_list":["post-461","post","type-post","status-publish","format-standard","has-post-thumbnail","hentry","category-noticias"],"_links":{"self":[{"href":"https:\/\/interaccioninformativa.mx\/index.php\/wp-json\/wp\/v2\/posts\/461","targetHints":{"allow":["GET"]}}],"collection":[{"href":"https:\/\/interaccioninformativa.mx\/index.php\/wp-json\/wp\/v2\/posts"}],"about":[{"href":"https:\/\/interaccioninformativa.mx\/index.php\/wp-json\/wp\/v2\/types\/post"}],"author":[{"embeddable":true,"href":"https:\/\/interaccioninformativa.mx\/index.php\/wp-json\/wp\/v2\/users\/1"}],"replies":[{"embeddable":true,"href":"https:\/\/interaccioninformativa.mx\/index.php\/wp-json\/wp\/v2\/comments?post=461"}],"version-history":[{"count":1,"href":"https:\/\/interaccioninformativa.mx\/index.php\/wp-json\/wp\/v2\/posts\/461\/revisions"}],"predecessor-version":[{"id":463,"href":"https:\/\/interaccioninformativa.mx\/index.php\/wp-json\/wp\/v2\/posts\/461\/revisions\/463"}],"wp:featuredmedia":[{"embeddable":true,"href":"https:\/\/interaccioninformativa.mx\/index.php\/wp-json\/wp\/v2\/media\/462"}],"wp:attachment":[{"href":"https:\/\/interaccioninformativa.mx\/index.php\/wp-json\/wp\/v2\/media?parent=461"}],"wp:term":[{"taxonomy":"category","embeddable":true,"href":"https:\/\/interaccioninformativa.mx\/index.php\/wp-json\/wp\/v2\/categories?post=461"},{"taxonomy":"post_tag","embeddable":true,"href":"https:\/\/interaccioninformativa.mx\/index.php\/wp-json\/wp\/v2\/tags?post=461"}],"curies":[{"name":"wp","href":"https:\/\/api.w.org\/{rel}","templated":true}]}}