{"id":464,"date":"2025-04-03T18:49:00","date_gmt":"2025-04-03T18:49:00","guid":{"rendered":"https:\/\/interaccioninformativa.mx\/?p=464"},"modified":"2025-07-14T18:49:31","modified_gmt":"2025-07-14T18:49:31","slug":"por-que-mexico-tiene-trato-preferente-ante-los-aranceles-de-trump-y-en-que-se-puede-beneficiar-del-nuevo-orden-comercial","status":"publish","type":"post","link":"https:\/\/interaccioninformativa.mx\/index.php\/2025\/04\/03\/por-que-mexico-tiene-trato-preferente-ante-los-aranceles-de-trump-y-en-que-se-puede-beneficiar-del-nuevo-orden-comercial\/","title":{"rendered":"Por qu\u00e9 M\u00e9xico tiene \u00abtrato preferente\u00bb ante los aranceles de Trump y en qu\u00e9 se puede beneficiar del nuevo orden comercial"},"content":{"rendered":"\n<div class=\"wp-block-media-text is-stacked-on-mobile\"><figure class=\"wp-block-media-text__media\"><img loading=\"lazy\" decoding=\"async\" width=\"800\" height=\"450\" src=\"https:\/\/interaccioninformativa.mx\/wp-content\/uploads\/2025\/07\/8d875560-10bf-11f0-8636-fb1329c86f58.jpg-1.webp\" alt=\"\" class=\"wp-image-465 size-full\" srcset=\"https:\/\/interaccioninformativa.mx\/wp-content\/uploads\/2025\/07\/8d875560-10bf-11f0-8636-fb1329c86f58.jpg-1.webp 800w, https:\/\/interaccioninformativa.mx\/wp-content\/uploads\/2025\/07\/8d875560-10bf-11f0-8636-fb1329c86f58.jpg-1-300x169.webp 300w, https:\/\/interaccioninformativa.mx\/wp-content\/uploads\/2025\/07\/8d875560-10bf-11f0-8636-fb1329c86f58.jpg-1-768x432.webp 768w\" sizes=\"auto, (max-width: 800px) 100vw, 800px\" \/><\/figure><div class=\"wp-block-media-text__content\">\n<p><strong>Cuando este jueves, al iniciar su rueda de prensa matutina, un periodista le pregunt\u00f3 a Claudia Sheinbaum si estaba contenta, la presidenta mexicana paus\u00f3, salud\u00f3 y sonri\u00f3 con el tono de satisfacci\u00f3n, relajado pero victorioso, que mantuvo durante toda la conferencia.<\/strong><\/p>\n<\/div><\/div>\n\n\n<p>\u00abPara M\u00e9xico no habr\u00e1 aranceles, y eso es bueno para el pa\u00eds, aunque algunos no quieran reconocerlo (risas). Tiene que ver con la buena relaci\u00f3n que hemos construido entre el gobierno de M\u00e9xico y el de Estados Unidos\u00bb, afirm\u00f3.<\/p>\n<p>\u00abTrato preferente\u00bb, esa es la expresi\u00f3n del d\u00eda en M\u00e9xico porque este fue el \u00fanico pa\u00eds en el mundo \u2014al igual que Canad\u00e1, aunque con matices\u2014 que no entr\u00f3 en el pol\u00e9mico esquema de aranceles anunciado el mi\u00e9rcoles por el presidente Donald Trump.<\/p>\n<p>En su discurso, el mandatario dio a conocer los llamados \u00abaranceles rec\u00edprocos\u00bb que tendr\u00e1n las importaciones a EE.UU. de pa\u00edses como China, del 34%, o la Uni\u00f3n Europea, del 20%.<\/p>\n<p>Y, entonces, el peso mexicano se apreci\u00f3 en un 2%. Y el gobierno de Sheinbaum celebr\u00f3.<\/p>\n<p>El secretario de Econom\u00eda, Marcelo Ebrard, dijo que \u00abel tratado se mantiene y eso es un logro mayor, no lo demos por sentado, porque en un nuevo orden comercial fundado en tarifas, es muy dif\u00edcil que sobreviva un tratado de libre comercio\u00bb.<\/p>\n<p>En efecto, de los 14 tratados semejantes que tiene EE.UU., solo el mexicano se va a respetar a cabalidad.<\/p>\n<p>Pero no todo es fiesta: los aranceles del 25% a las exportaciones mexicanas hacia EE.UU. que no est\u00e1n amparadas por el tratado \u2014un 40% del total, la mayor\u00eda del sector automotriz\u2014 siguen vigentes y ahora el reto de Sheinbaum es reducir ese n\u00famero.<\/p>\n<p>\u00abSe sigue trabajando y dialogando\u00bb, dijo Ebrard, quien anunci\u00f3 que en los pr\u00f3ximos 40 d\u00edas intentar\u00e1n \u00ablograr mejores condiciones\u00bb.<\/p>","protected":false},"excerpt":{"rendered":"<div class=\"mh-excerpt\"><p>Cuando este jueves, al iniciar su rueda de prensa matutina, un periodista le pregunt\u00f3 a Claudia Sheinbaum si estaba contenta, la presidenta mexicana paus\u00f3, salud\u00f3 <a class=\"mh-excerpt-more\" href=\"https:\/\/interaccioninformativa.mx\/index.php\/2025\/04\/03\/por-que-mexico-tiene-trato-preferente-ante-los-aranceles-de-trump-y-en-que-se-puede-beneficiar-del-nuevo-orden-comercial\/\" title=\"Por qu\u00e9 M\u00e9xico tiene \u00abtrato preferente\u00bb ante los aranceles de Trump y en qu\u00e9 se puede beneficiar del nuevo orden comercial\">[&#8230;]<\/a><\/p>\n<\/div>","protected":false},"author":1,"featured_media":465,"comment_status":"open","ping_status":"closed","sticky":false,"template":"","format":"standard","meta":{"footnotes":""},"categories":[1],"tags":[],"class_list":["post-464","post","type-post","status-publish","format-standard","has-post-thumbnail","hentry","category-noticias"],"_links":{"self":[{"href":"https:\/\/interaccioninformativa.mx\/index.php\/wp-json\/wp\/v2\/posts\/464","targetHints":{"allow":["GET"]}}],"collection":[{"href":"https:\/\/interaccioninformativa.mx\/index.php\/wp-json\/wp\/v2\/posts"}],"about":[{"href":"https:\/\/interaccioninformativa.mx\/index.php\/wp-json\/wp\/v2\/types\/post"}],"author":[{"embeddable":true,"href":"https:\/\/interaccioninformativa.mx\/index.php\/wp-json\/wp\/v2\/users\/1"}],"replies":[{"embeddable":true,"href":"https:\/\/interaccioninformativa.mx\/index.php\/wp-json\/wp\/v2\/comments?post=464"}],"version-history":[{"count":1,"href":"https:\/\/interaccioninformativa.mx\/index.php\/wp-json\/wp\/v2\/posts\/464\/revisions"}],"predecessor-version":[{"id":466,"href":"https:\/\/interaccioninformativa.mx\/index.php\/wp-json\/wp\/v2\/posts\/464\/revisions\/466"}],"wp:featuredmedia":[{"embeddable":true,"href":"https:\/\/interaccioninformativa.mx\/index.php\/wp-json\/wp\/v2\/media\/465"}],"wp:attachment":[{"href":"https:\/\/interaccioninformativa.mx\/index.php\/wp-json\/wp\/v2\/media?parent=464"}],"wp:term":[{"taxonomy":"category","embeddable":true,"href":"https:\/\/interaccioninformativa.mx\/index.php\/wp-json\/wp\/v2\/categories?post=464"},{"taxonomy":"post_tag","embeddable":true,"href":"https:\/\/interaccioninformativa.mx\/index.php\/wp-json\/wp\/v2\/tags?post=464"}],"curies":[{"name":"wp","href":"https:\/\/api.w.org\/{rel}","templated":true}]}}