{"id":490,"date":"2025-02-13T19:16:00","date_gmt":"2025-02-13T19:16:00","guid":{"rendered":"https:\/\/interaccioninformativa.mx\/?p=490"},"modified":"2025-07-14T19:17:13","modified_gmt":"2025-07-14T19:17:13","slug":"sheinbaum-anuncia-posible-demanda-contra-google-por-renombrar-el-golfo-de-mexico","status":"publish","type":"post","link":"https:\/\/interaccioninformativa.mx\/index.php\/2025\/02\/13\/sheinbaum-anuncia-posible-demanda-contra-google-por-renombrar-el-golfo-de-mexico\/","title":{"rendered":"Sheinbaum anuncia posible demanda contra Google por renombrar el Golfo de M\u00e9xico"},"content":{"rendered":"\n<div class=\"wp-block-media-text is-stacked-on-mobile\"><figure class=\"wp-block-media-text__media\"><img loading=\"lazy\" decoding=\"async\" width=\"800\" height=\"600\" src=\"https:\/\/interaccioninformativa.mx\/wp-content\/uploads\/2025\/07\/PORTADAS-WEB-1-13.jpg\" alt=\"\" class=\"wp-image-492 size-full\" srcset=\"https:\/\/interaccioninformativa.mx\/wp-content\/uploads\/2025\/07\/PORTADAS-WEB-1-13.jpg 800w, https:\/\/interaccioninformativa.mx\/wp-content\/uploads\/2025\/07\/PORTADAS-WEB-1-13-300x225.jpg 300w, https:\/\/interaccioninformativa.mx\/wp-content\/uploads\/2025\/07\/PORTADAS-WEB-1-13-768x576.jpg 768w\" sizes=\"auto, (max-width: 800px) 100vw, 800px\" \/><\/figure><div class=\"wp-block-media-text__content\">\n<p><em>Claudia Sheinbaum anunci\u00f3 que alistar\u00e1 una demanda civil contra Google por cambiar el nombre de todo el Golfo de M\u00e9xico a \u201cGolfo de Am\u00e9rica\u201d.<\/em><\/p>\n<\/div><\/div>\n\n\n<p>La presidenta\u00a0<strong>Claudia Sheinbaum<\/strong>\u00a0anunci\u00f3 que su gobierno analiza presentar una\u00a0<strong>demanda civil<\/strong>\u00a0contra\u00a0<strong><em>Google<\/em>\u00a0<\/strong>por renombrar a todo el\u00a0<strong>Golfo de M\u00e9xico<\/strong>\u00a0como \u201c<strong><a href=\"https:\/\/noticias.imer.mx\/blog\/sheinbaum-responde-a-trump-que-eu-se-llame-america-mexicana\/\">Golfo de Am\u00e9rica<\/a><\/strong>\u201c,\u00a0tras la orden del mandatario estadounidense, Donald Trump.<\/p>\n<p>&nbsp;<\/p>\n<p>Insisti\u00f3 en que de acuerdo con el decreto, el nombre \u201cGolfo de Am\u00e9rica\u201d s\u00f3lo deber\u00eda usarse para la\u00a0<strong>plataforma continental de Estados Unidos<\/strong>, equivalente a 22 millas n\u00e1uticas. Y que, al contrario, est\u00e1n nombrando sobre el\u00a0<strong>territorio mexicano<\/strong>.<\/p>\n<p>&nbsp;<\/p>\n<p>La mandataria afirm\u00f3 a finales de enero que enviar\u00eda una\u00a0<strong>carta<\/strong>\u00a0a Google, despu\u00e9s de que la compa\u00f1\u00eda dijo que colocar\u00eda el nombre de \u201cGolfo de Am\u00e9rica\u201d para los internautas de\u00a0<em><b>Google Maps<\/b><\/em>\u00a0en Estados Unidos.<\/p>\n<p>&nbsp;<\/p>\n<p>Sin embargo, mostr\u00f3 su desacuerdo al mencionar que fuera de Estados Unidos, la plataforma s\u00ed se\u00f1ala\u00a0<strong>ambas denominaciones<\/strong>:<\/p>\n<p>&nbsp;<\/p>\n<blockquote>\n<p>\u201cCon quien s\u00ed tenemos una disputa en este momento es con Google; ya contestaron la carta y les volvimos a contestar, y si es necesario vamos a una demanda civil, porque en Estados Unidos se llama Golfo de Am\u00e9rica y en otros lugares Golfo de M\u00e9xico, pero en otros lugares Golfo de M\u00e9xico y Golfo de Am\u00e9rica.<\/p>\n<p>&nbsp;<\/p>\n<p>Pero no est\u00e1n en lo correcto, por esto que les estoy explicando. Ni siquiera el presidente Trump est\u00e1 planteando que a todo el Golfo de M\u00e9xico se le llame Golfo de Am\u00e9rica, sino solamente a su plataforma continental\u201d.<\/p>\n<\/blockquote>\n<p>&nbsp;<\/p>\n<p>La mandataria mencion\u00f3 que enviaron una segunda carta a Google para explicar los\u00a0<strong>l\u00edmites territoriales<\/strong>\u00a0y\u00a0<strong>continentales<\/strong>. Lo anterior porque la empresa no hizo la modificaci\u00f3n que solicit\u00f3 el gobierno mexicano.<\/p>\n<p>&nbsp;<\/p>\n<p>Y, agreg\u00f3 que el asunto ya est\u00e1 \u2018en manos\u2019 de la\u00a0<strong>Consejer\u00eda Jur\u00eddica de la Presidencia<\/strong>, aunque pidi\u00f3 a\u00a0<em>Google<\/em>\u00a0revisar el decreto que emiti\u00f3 la\u00a0<strong>Casa Blanca<\/strong>\u00a0antes de tomar medidas. Aunque\u00a0<em>Google Maps<\/em>\u00a0no es una norma internacional, dijo, es una empresa privada que se convirti\u00f3 en una\u00a0<strong>referencia internacional<\/strong>\u00a0para servicios de mapeo.<\/p>\n<p>&nbsp;<\/p>\n<blockquote>\n<p>\u201cGoogle est\u00e1 equivocado. Entonces contestaron y les regres\u00f3 la carta el canciller (Juan Ram\u00f3n de la Fuente) diciendo que no, que est\u00e1n equivocados, que no se puede llamar a todo el Golfo de M\u00e9xico, Golfo de Am\u00e9rica\u201d.<\/p>\n<\/blockquote>\n<p>&nbsp;<\/p>\n<p>&nbsp;<\/p>\n<h4><strong>Enciclopedia Brit\u00e1nica a favor del Golfo de M\u00e9xico<\/strong><\/h4>\n<p>&nbsp;<\/p>\n<p>Sheinbaum destac\u00f3 la labor de la\u00a0<strong><a href=\"https:\/\/www.britannica.com\/\">Enciclopedia Brit\u00e1nica<\/a><\/strong>, que el mi\u00e9rcoles 12 de febrero anunci\u00f3 que seguir\u00e1 utilizando el nombre Golfo de M\u00e9xico porque as\u00ed es desde hace\u00a0<strong>425 a\u00f1os<\/strong>.<\/p>\n<p>&nbsp;<\/p>\n<p>La enciclopedia argument\u00f3 que el Golfo de M\u00e9xico es \u201cun\u00a0<strong>cuerpo internacional de agua<\/strong>\u00a0y la autoridad de Estados Unidos para renombrarlo es\u00a0<strong>ambiguo<\/strong>\u201d:<\/p>\n<p>&nbsp;<\/p>\n<blockquote>\n<p>\u201cAgradecemos, por supuesto, a la Enciclopedia Brit\u00e1nica, pero es importante que las empresas privadas que se dedican a la informaci\u00f3n pues den bien la informaci\u00f3n, particularmente una plataforma como esta\u201d.<\/p>\n<\/blockquote>","protected":false},"excerpt":{"rendered":"<div class=\"mh-excerpt\"><p>Claudia Sheinbaum anunci\u00f3 que alistar\u00e1 una demanda civil contra Google por cambiar el nombre de todo el Golfo de M\u00e9xico a \u201cGolfo de Am\u00e9rica\u201d. La <a class=\"mh-excerpt-more\" href=\"https:\/\/interaccioninformativa.mx\/index.php\/2025\/02\/13\/sheinbaum-anuncia-posible-demanda-contra-google-por-renombrar-el-golfo-de-mexico\/\" title=\"Sheinbaum anuncia posible demanda contra Google por renombrar el Golfo de M\u00e9xico\">[&#8230;]<\/a><\/p>\n<\/div>","protected":false},"author":1,"featured_media":492,"comment_status":"open","ping_status":"closed","sticky":false,"template":"","format":"standard","meta":{"footnotes":""},"categories":[1],"tags":[],"class_list":["post-490","post","type-post","status-publish","format-standard","has-post-thumbnail","hentry","category-noticias"],"_links":{"self":[{"href":"https:\/\/interaccioninformativa.mx\/index.php\/wp-json\/wp\/v2\/posts\/490","targetHints":{"allow":["GET"]}}],"collection":[{"href":"https:\/\/interaccioninformativa.mx\/index.php\/wp-json\/wp\/v2\/posts"}],"about":[{"href":"https:\/\/interaccioninformativa.mx\/index.php\/wp-json\/wp\/v2\/types\/post"}],"author":[{"embeddable":true,"href":"https:\/\/interaccioninformativa.mx\/index.php\/wp-json\/wp\/v2\/users\/1"}],"replies":[{"embeddable":true,"href":"https:\/\/interaccioninformativa.mx\/index.php\/wp-json\/wp\/v2\/comments?post=490"}],"version-history":[{"count":1,"href":"https:\/\/interaccioninformativa.mx\/index.php\/wp-json\/wp\/v2\/posts\/490\/revisions"}],"predecessor-version":[{"id":496,"href":"https:\/\/interaccioninformativa.mx\/index.php\/wp-json\/wp\/v2\/posts\/490\/revisions\/496"}],"wp:featuredmedia":[{"embeddable":true,"href":"https:\/\/interaccioninformativa.mx\/index.php\/wp-json\/wp\/v2\/media\/492"}],"wp:attachment":[{"href":"https:\/\/interaccioninformativa.mx\/index.php\/wp-json\/wp\/v2\/media?parent=490"}],"wp:term":[{"taxonomy":"category","embeddable":true,"href":"https:\/\/interaccioninformativa.mx\/index.php\/wp-json\/wp\/v2\/categories?post=490"},{"taxonomy":"post_tag","embeddable":true,"href":"https:\/\/interaccioninformativa.mx\/index.php\/wp-json\/wp\/v2\/tags?post=490"}],"curies":[{"name":"wp","href":"https:\/\/api.w.org\/{rel}","templated":true}]}}