{"id":491,"date":"2024-08-21T19:14:00","date_gmt":"2024-08-21T19:14:00","guid":{"rendered":"https:\/\/interaccioninformativa.mx\/?p=491"},"modified":"2025-07-14T19:15:23","modified_gmt":"2025-07-14T19:15:23","slug":"los-jueces-y-magistrados-de-mexico-paralizan-los-tribunales-y-se-plantan-contra-la-reforma-judicial-de-lopez-obrador","status":"publish","type":"post","link":"https:\/\/interaccioninformativa.mx\/index.php\/2024\/08\/21\/los-jueces-y-magistrados-de-mexico-paralizan-los-tribunales-y-se-plantan-contra-la-reforma-judicial-de-lopez-obrador\/","title":{"rendered":"Los jueces y magistrados de M\u00e9xico paralizan los tribunales y se plantan contra la reforma judicial de L\u00f3pez Obrador."},"content":{"rendered":"\n<div class=\"wp-block-media-text is-stacked-on-mobile\"><figure class=\"wp-block-media-text__media\"><img loading=\"lazy\" decoding=\"async\" width=\"1024\" height=\"662\" src=\"https:\/\/interaccioninformativa.mx\/wp-content\/uploads\/2025\/07\/Los-jueces-y-magistrados-de-Mexico-paralizan-los-tribunales-y-se-plantan-contra-la-reforma-judicial-de-Lopez-Obrador-1024x662.png\" alt=\"\" class=\"wp-image-493 size-full\" srcset=\"https:\/\/interaccioninformativa.mx\/wp-content\/uploads\/2025\/07\/Los-jueces-y-magistrados-de-Mexico-paralizan-los-tribunales-y-se-plantan-contra-la-reforma-judicial-de-Lopez-Obrador-1024x662.png 1024w, https:\/\/interaccioninformativa.mx\/wp-content\/uploads\/2025\/07\/Los-jueces-y-magistrados-de-Mexico-paralizan-los-tribunales-y-se-plantan-contra-la-reforma-judicial-de-Lopez-Obrador-300x194.png 300w, https:\/\/interaccioninformativa.mx\/wp-content\/uploads\/2025\/07\/Los-jueces-y-magistrados-de-Mexico-paralizan-los-tribunales-y-se-plantan-contra-la-reforma-judicial-de-Lopez-Obrador-768x496.png 768w, https:\/\/interaccioninformativa.mx\/wp-content\/uploads\/2025\/07\/Los-jueces-y-magistrados-de-Mexico-paralizan-los-tribunales-y-se-plantan-contra-la-reforma-judicial-de-Lopez-Obrador-1536x993.png 1536w, https:\/\/interaccioninformativa.mx\/wp-content\/uploads\/2025\/07\/Los-jueces-y-magistrados-de-Mexico-paralizan-los-tribunales-y-se-plantan-contra-la-reforma-judicial-de-Lopez-Obrador-2048x1324.png 2048w\" sizes=\"auto, (max-width: 1024px) 100vw, 1024px\" \/><\/figure><div class=\"wp-block-media-text__content\">\n<p>Los jueces y magistrados de M\u00e9xico paralizan los tribunales y se plantan contra la reforma judicial de L\u00f3pez Obrador.<\/p>\n\n\n\n<p>M\u00e1s de 1.200 juzgadores se unen al paro parcial de los trabajadores del Poder Judicial en casi una veintena de Estados, mientras el presidente califica la huelga de \u201cilegal.\u201d<\/p>\n<\/div><\/div>\n\n\n<p>Los jueces y los magistrados se han sumado al paro en el Poder Judicial en protesta por la reforma que promueve el presidente Andr\u00e9s Manuel L\u00f3pez Obrador y Morena, su partido. La Asociaci\u00f3n Nacional de Magistrados y Jueces de Distrito (JUFED) adelantaron el lunes que m\u00e1s de 1.200 juzgadores est\u00e1n a favor de suspender sus labores por tiempo indefinido, a partir de la madrugada de este mi\u00e9rcoles. El Consejo de la Judicatura ha anunciado que mientras dura el paro \u2014 que se ha extendido a casi una veintena de Estados del pa\u00eds\u2014 se mantendr\u00e1 un r\u00e9gimen de servicios m\u00ednimos para atender casos urgentes o graves. L\u00f3pez Obrador, por su parte, ha calificado la huelga de \u201cilegal\u201d y ha se\u00f1alado en su conferencia de prensa matutina que a la mayor\u00eda de los mexicanos \u201cno les va a importar\u201d la decisi\u00f3n que han tomado los trabajadores del Poder Judicial.<\/p>\n<p>\u201cLa reforma no solo es una amenaza para la justicia y la estabilidad del pa\u00eds, nos encamina a una crisis constitucional sin precedentes\u201d, se\u00f1al\u00f3 una portavoz de la JUFED, la jueza Juana Fuentes Vel\u00e1zquez. \u201cEsta reforma amenaza la estabilidad de nuestra naci\u00f3n. Sin justicia independiente, las inversiones se ver\u00e1n afectadas, la confianza en las instituciones se desmoronar\u00e1 y los derechos humanos quedar\u00e1n a merced de una maquinaria estatal centralizada y autoritaria\u201d, denunci\u00f3 Fuentes Vel\u00e1zquez.<\/p>\n<p>Esta nueva reforma est\u00e1 contemplada dentro de un paquete de 20 medidas presentadas por el presidente L\u00f3pez Obrador para modificar la Constituci\u00f3n. Entre sus puntos m\u00e1s pol\u00e9micos plantea que los jueces y magistrados sean elegidos por voto popular; reducir de 11 a nueve a los ministros de la Suprema Corte; sustituir el Consejo de la Judicatura Federal, encargado de la actuaci\u00f3n de los jueces y crear nuevas reglas procesales, entre las que destacan prohibir suspensiones contra leyes con efectos generales en amparos, controversias constitucionales y acciones de inconstitucionalidad, entre otras. Est\u00e1 previsto que el dictamen sea aprobado despu\u00e9s de que arranque la nueva Legislatura, el pr\u00f3ximo 1 de septiembre.<\/p>\n<p>Mientras los jueces acusan a L\u00f3pez Obrador de querer acaparar la justicia en beneficio de su Gobierno, el presidente ha declarado que la reforma es necesaria porque el Poder Judicial \u201cest\u00e1 podrido\u201d. El proyecto ha impactado en los mercados financieros y ha tensado las relaciones con Estados Unidos, ante la insistencia de los inversores de tener garant\u00edas judiciales claras. \u201cLo que queremos es corregir, que desaparezca la corrupci\u00f3n en el Poder Judicial, sobre todo arriba, la corrupci\u00f3n que llevan a cabo jueces, magistrados y ministros. Aclaro, no todos, pero s\u00ed mucho de ellos dejan en libertad a delincuentes, tanto del crimen organizado como a delincuentes de cuello blanco\u201d, ha dicho el presidente.<\/p>\n<p>Los jueces y los magistrados se\u00f1alan que el paro de labores es \u201cuna respuesta extrema\u201d ante \u201cuna amenaza extrema\u201d. Solo la Suprema Corte y el Tribunal Electoral continuar\u00e1n trabajando. \u201cLa historia nos ha ense\u00f1ado que cuando el poder se concentra en manos de unos pocos, la justicia se convierte en un instrumento de opresi\u00f3n y los derechos de los ciudadanos quedan relegados al capricho de quienes ostentan el poder\u201d, agreg\u00f3 la portavoz de JUFED, ante las puertas del Palacio de San L\u00e1zaro, el mi\u00e9rcoles en la madrugada.<\/p>\n<p>El Consejo de la Judicatura ha se\u00f1alado que los jueces seguir\u00e1n resolviendo asuntos \u201curgentes\u201d, especialmente relacionados con delitos en materia penal, en concreto los relacionados con la libertad de un imputado o procesado, cambios en las medidas cautelares o vinculaci\u00f3n a proceso o calificaci\u00f3n de la detenci\u00f3n. Por su parte, las audiencias de juicios que ya hubieran empezado antes del paro deber\u00e1n tramitarse hasta que concluyan.<\/p>\n<p>Varias sedes del Consejo de la Judicatura Federal en Ciudad de M\u00e9xico han sido tomadas por los trabajadores, entre ellas, el edificio en San L\u00e1zaro, Revoluci\u00f3n, Prisma, Diamante o Las Flores. Tambi\u00e9n se han sumado a la huelga durante el fin de semana trabajadores del Poder Judicial en Chiapas, Guerrero, Sinaloa, Tabasco, Veracruz, Chihuahua, Nuevo L\u00e9on, Aguascalientes, Tamaulipas, San Luis Potos\u00ed, Zacatecas, Guanajuato, Durango, Hidalgo, Zacatecas, M\u00e9rida, Campeche y Coahuila.<\/p>","protected":false},"excerpt":{"rendered":"<div class=\"mh-excerpt\"><p>Los jueces y magistrados de M\u00e9xico paralizan los tribunales y se plantan contra la reforma judicial de L\u00f3pez Obrador. M\u00e1s de 1.200 juzgadores se unen <a class=\"mh-excerpt-more\" href=\"https:\/\/interaccioninformativa.mx\/index.php\/2024\/08\/21\/los-jueces-y-magistrados-de-mexico-paralizan-los-tribunales-y-se-plantan-contra-la-reforma-judicial-de-lopez-obrador\/\" title=\"Los jueces y magistrados de M\u00e9xico paralizan los tribunales y se plantan contra la reforma judicial de L\u00f3pez Obrador.\">[&#8230;]<\/a><\/p>\n<\/div>","protected":false},"author":1,"featured_media":493,"comment_status":"open","ping_status":"closed","sticky":false,"template":"","format":"standard","meta":{"footnotes":""},"categories":[1],"tags":[],"class_list":["post-491","post","type-post","status-publish","format-standard","has-post-thumbnail","hentry","category-noticias"],"_links":{"self":[{"href":"https:\/\/interaccioninformativa.mx\/index.php\/wp-json\/wp\/v2\/posts\/491","targetHints":{"allow":["GET"]}}],"collection":[{"href":"https:\/\/interaccioninformativa.mx\/index.php\/wp-json\/wp\/v2\/posts"}],"about":[{"href":"https:\/\/interaccioninformativa.mx\/index.php\/wp-json\/wp\/v2\/types\/post"}],"author":[{"embeddable":true,"href":"https:\/\/interaccioninformativa.mx\/index.php\/wp-json\/wp\/v2\/users\/1"}],"replies":[{"embeddable":true,"href":"https:\/\/interaccioninformativa.mx\/index.php\/wp-json\/wp\/v2\/comments?post=491"}],"version-history":[{"count":1,"href":"https:\/\/interaccioninformativa.mx\/index.php\/wp-json\/wp\/v2\/posts\/491\/revisions"}],"predecessor-version":[{"id":494,"href":"https:\/\/interaccioninformativa.mx\/index.php\/wp-json\/wp\/v2\/posts\/491\/revisions\/494"}],"wp:featuredmedia":[{"embeddable":true,"href":"https:\/\/interaccioninformativa.mx\/index.php\/wp-json\/wp\/v2\/media\/493"}],"wp:attachment":[{"href":"https:\/\/interaccioninformativa.mx\/index.php\/wp-json\/wp\/v2\/media?parent=491"}],"wp:term":[{"taxonomy":"category","embeddable":true,"href":"https:\/\/interaccioninformativa.mx\/index.php\/wp-json\/wp\/v2\/categories?post=491"},{"taxonomy":"post_tag","embeddable":true,"href":"https:\/\/interaccioninformativa.mx\/index.php\/wp-json\/wp\/v2\/tags?post=491"}],"curies":[{"name":"wp","href":"https:\/\/api.w.org\/{rel}","templated":true}]}}