{"id":501,"date":"2025-06-10T19:21:00","date_gmt":"2025-06-10T19:21:00","guid":{"rendered":"https:\/\/interaccioninformativa.mx\/?p=501"},"modified":"2025-07-14T19:22:06","modified_gmt":"2025-07-14T19:22:06","slug":"por-que-causa-polemica-la-presencia-de-la-bandera-de-mexico-en-las-protestas-en-los-angeles-contra-las-redadas-migratorias","status":"publish","type":"post","link":"https:\/\/interaccioninformativa.mx\/index.php\/2025\/06\/10\/por-que-causa-polemica-la-presencia-de-la-bandera-de-mexico-en-las-protestas-en-los-angeles-contra-las-redadas-migratorias\/","title":{"rendered":"Por qu\u00e9 causa pol\u00e9mica la presencia de la bandera de M\u00e9xico en las protestas en Los \u00c1ngeles contra las redadas migratorias"},"content":{"rendered":"\n<div class=\"wp-block-media-text is-stacked-on-mobile\"><figure class=\"wp-block-media-text__media\"><img loading=\"lazy\" decoding=\"async\" width=\"800\" height=\"450\" src=\"https:\/\/interaccioninformativa.mx\/wp-content\/uploads\/2025\/07\/3e395e50-4615-11f0-9942-8ded1e77a695.jpg.webp\" alt=\"\" class=\"wp-image-502 size-full\" srcset=\"https:\/\/interaccioninformativa.mx\/wp-content\/uploads\/2025\/07\/3e395e50-4615-11f0-9942-8ded1e77a695.jpg.webp 800w, https:\/\/interaccioninformativa.mx\/wp-content\/uploads\/2025\/07\/3e395e50-4615-11f0-9942-8ded1e77a695.jpg-300x169.webp 300w, https:\/\/interaccioninformativa.mx\/wp-content\/uploads\/2025\/07\/3e395e50-4615-11f0-9942-8ded1e77a695.jpg-768x432.webp 768w\" sizes=\"auto, (max-width: 800px) 100vw, 800px\" \/><\/figure><div class=\"wp-block-media-text__content\">\n<p><strong>Un hombre ondea la bandera mexicana encaramado a un auto parcialmente quemado y lleno de pintadas en medio de una calle que parece un campo de batalla.<\/strong><\/p>\n<\/div><\/div>\n\n\n<p>Esa fotograf\u00eda captada en Paramount, una localidad al sur del centro de Los \u00c1ngeles en la que el fin de semana se registraron enfrentamientos entre agentes federales y manifestantes en rechazo a las redadas migratorias de la administraci\u00f3n Trump, ha acaparado portadas y circulado en redes sociales hasta hacerse viral.<\/p>\n<p>Tambi\u00e9n lo han hecho otras im\u00e1genes que reflejan una t\u00f3nica m\u00e1s pac\u00edfica de las movilizaciones en la ciudad californiana.<\/p>\n<p>En ellas la presencia de la bandera tricolor con el escudo del \u00e1guila, la serpiente y el nopal es ubicua, tanto que los grandes medios de Estados Unidos ya la describen como uno de los s\u00edmbolos de las protestas.<\/p>\n<p>Un hecho que no ha pasado desapercibido para funcionarios del gobierno estadounidense, que no han tardado en condenar las escenas que, dicen, retratan a quienes describen como \u00abinsurrectos enarbolando banderas extranjeras\u00bb.<\/p>\n<p>El embajador estadounidense en M\u00e9xico, Ronald Johnson, hizo referencia al tema en su cuenta de X:<\/p>\n<p>\u00abNuestras banderas representan identidad nacional, orgullo y valores compartidos, no divisi\u00f3n ni ilegalidad. Enarbolar una bandera extranjera mientras se ataca a las fuerzas del orden de los EE.UU. y se destruye propiedad p\u00fablica o privada solo da\u00f1a una relaci\u00f3n bilateral que trabaja unida para que todos nuestros ciudadanos est\u00e9n m\u00e1s seguros y sean m\u00e1s pr\u00f3speros\u00bb.<\/p>\n<p>&nbsp;<\/p>","protected":false},"excerpt":{"rendered":"<div class=\"mh-excerpt\"><p>Un hombre ondea la bandera mexicana encaramado a un auto parcialmente quemado y lleno de pintadas en medio de una calle que parece un campo <a class=\"mh-excerpt-more\" href=\"https:\/\/interaccioninformativa.mx\/index.php\/2025\/06\/10\/por-que-causa-polemica-la-presencia-de-la-bandera-de-mexico-en-las-protestas-en-los-angeles-contra-las-redadas-migratorias\/\" title=\"Por qu\u00e9 causa pol\u00e9mica la presencia de la bandera de M\u00e9xico en las protestas en Los \u00c1ngeles contra las redadas migratorias\">[&#8230;]<\/a><\/p>\n<\/div>","protected":false},"author":1,"featured_media":502,"comment_status":"open","ping_status":"closed","sticky":false,"template":"","format":"standard","meta":{"footnotes":""},"categories":[1],"tags":[],"class_list":["post-501","post","type-post","status-publish","format-standard","has-post-thumbnail","hentry","category-noticias"],"_links":{"self":[{"href":"https:\/\/interaccioninformativa.mx\/index.php\/wp-json\/wp\/v2\/posts\/501","targetHints":{"allow":["GET"]}}],"collection":[{"href":"https:\/\/interaccioninformativa.mx\/index.php\/wp-json\/wp\/v2\/posts"}],"about":[{"href":"https:\/\/interaccioninformativa.mx\/index.php\/wp-json\/wp\/v2\/types\/post"}],"author":[{"embeddable":true,"href":"https:\/\/interaccioninformativa.mx\/index.php\/wp-json\/wp\/v2\/users\/1"}],"replies":[{"embeddable":true,"href":"https:\/\/interaccioninformativa.mx\/index.php\/wp-json\/wp\/v2\/comments?post=501"}],"version-history":[{"count":1,"href":"https:\/\/interaccioninformativa.mx\/index.php\/wp-json\/wp\/v2\/posts\/501\/revisions"}],"predecessor-version":[{"id":504,"href":"https:\/\/interaccioninformativa.mx\/index.php\/wp-json\/wp\/v2\/posts\/501\/revisions\/504"}],"wp:featuredmedia":[{"embeddable":true,"href":"https:\/\/interaccioninformativa.mx\/index.php\/wp-json\/wp\/v2\/media\/502"}],"wp:attachment":[{"href":"https:\/\/interaccioninformativa.mx\/index.php\/wp-json\/wp\/v2\/media?parent=501"}],"wp:term":[{"taxonomy":"category","embeddable":true,"href":"https:\/\/interaccioninformativa.mx\/index.php\/wp-json\/wp\/v2\/categories?post=501"},{"taxonomy":"post_tag","embeddable":true,"href":"https:\/\/interaccioninformativa.mx\/index.php\/wp-json\/wp\/v2\/tags?post=501"}],"curies":[{"name":"wp","href":"https:\/\/api.w.org\/{rel}","templated":true}]}}