{"id":506,"date":"2024-10-04T19:28:00","date_gmt":"2024-10-04T19:28:00","guid":{"rendered":"https:\/\/interaccioninformativa.mx\/?p=506"},"modified":"2025-07-14T19:28:33","modified_gmt":"2025-07-14T19:28:33","slug":"el-balance-final-del-huracan-john-en-guerrero-270-000-afectados-y-23-fallecidos","status":"publish","type":"post","link":"https:\/\/interaccioninformativa.mx\/index.php\/2024\/10\/04\/el-balance-final-del-huracan-john-en-guerrero-270-000-afectados-y-23-fallecidos\/","title":{"rendered":"El balance final del hurac\u00e1n \u2018John\u2019 en Guerrero: 270.000 afectados y 23 fallecidos."},"content":{"rendered":"\n<div class=\"wp-block-media-text is-stacked-on-mobile\"><figure class=\"wp-block-media-text__media\"><img loading=\"lazy\" decoding=\"async\" width=\"1024\" height=\"569\" src=\"https:\/\/interaccioninformativa.mx\/wp-content\/uploads\/2025\/07\/El-balance-final-del-huracan-John-en-Guerrero-270000-afectados-y-23-fallecidos-1024x569.png\" alt=\"\" class=\"wp-image-511 size-full\" srcset=\"https:\/\/interaccioninformativa.mx\/wp-content\/uploads\/2025\/07\/El-balance-final-del-huracan-John-en-Guerrero-270000-afectados-y-23-fallecidos-1024x569.png 1024w, https:\/\/interaccioninformativa.mx\/wp-content\/uploads\/2025\/07\/El-balance-final-del-huracan-John-en-Guerrero-270000-afectados-y-23-fallecidos-300x167.png 300w, https:\/\/interaccioninformativa.mx\/wp-content\/uploads\/2025\/07\/El-balance-final-del-huracan-John-en-Guerrero-270000-afectados-y-23-fallecidos-768x427.png 768w, https:\/\/interaccioninformativa.mx\/wp-content\/uploads\/2025\/07\/El-balance-final-del-huracan-John-en-Guerrero-270000-afectados-y-23-fallecidos-1536x854.png 1536w, https:\/\/interaccioninformativa.mx\/wp-content\/uploads\/2025\/07\/El-balance-final-del-huracan-John-en-Guerrero-270000-afectados-y-23-fallecidos-2048x1139.png 2048w\" sizes=\"auto, (max-width: 1024px) 100vw, 1024px\" \/><\/figure><div class=\"wp-block-media-text__content\">\n<p>Laura Vel\u00e1zquez, coordinadora de Protecci\u00f3n Civil, presenta los datos del impacto del fen\u00f3meno categor\u00eda tres, que provoc\u00f3 la mitad de los destrozos en Acapulco.<\/p>\n\n\n\n<p>Laura Vel\u00e1zquez, coordinadora de Protecci\u00f3n Civil, ha presentado este viernes en la conferencia matutina de la presidenta, Claudia Sheinbaum, los datos finales del impacto de John.<\/p>\n<\/div><\/div>\n\n\n<p>El hurac\u00e1n, que toc\u00f3 tierra como categor\u00eda 3, golpe\u00f3 principalmente a Guerrero, pero tambi\u00e9n afect\u00f3 a 22 municipios de Oaxaca y provoc\u00f3 varios destrozos a infraestructuras en Michoac\u00e1n. En el Estado gobernado por Evelyn Salgado, el saldo de afectados es de 270.000 personas; la mitad de ellas en Acapulco, donde las inundaciones cercaron m\u00e1s de 40.000 viviendas. Vel\u00e1zquez no ha actualizado la cifra de v\u00edctimas mortales, que se mantiene en 23 fallecidos en el Estado, cinco m\u00e1s en Oaxaca y un \u00faltimo en Michoac\u00e1n.<\/p>\n<p>John fue un hurac\u00e1n que golpe\u00f3 doble. Primero, toc\u00f3 tierra el 23 de septiembre a las 21.15 horas, en Marquelia, al sur de Guerrero, con vientos de 195 kil\u00f3metros por hora. Ese primer d\u00eda, m\u00e1s de 15.000 personas fueron afectadas en ocho municipios. Despu\u00e9s del primer impacto, llegaron las lluvias. Durante cuatro d\u00edas, hasta el 27 de septiembre, se registr\u00f3 en la estaci\u00f3n meteorol\u00f3gica de Acapulco una lluvia acumulada de 1.015 mil\u00edmetros. Para comparar, ha dicho la coordinadora de Protecci\u00f3n Civil, la media anual en todo el Estado de Guerrero es de 1.200 mil\u00edmetros. \u201cLlovi\u00f3 en cuatro d\u00edas, el 85% de lo que llueve en todo el Estado durante un a\u00f1o\u201d, ha dicho Vel\u00e1zquez.<\/p>\n<p>Todo Guerrero se vio golpeado por las lluvias. Unas 31.500 personas fueron afectadas en la regi\u00f3n Monta\u00f1a, especialmente en Malinaltepec; m\u00e1s de 26.500 en el centro del Estado, donde Chilpancingo se llev\u00f3 la peor parte con 17.680 personas afectadas y casi 4.500 viviendas; 21.000 en la Costa Chica; 15.500 en la Costa Grande; 9.000 en Tierra Caliente y 5.200 en la zona de la sierra. En total, 108.800 personas afectadas y 27.000 viviendas. Pero el impacto solo en Acapulco fue m\u00e1s grave que en conjunto en el resto del Estado.<\/p>\n<p>La ciudad todav\u00eda estaba sobreponi\u00e9ndose a Otis. El hurac\u00e1n, de categor\u00eda 5, la m\u00e1xima en la escala Saffir-Simpson, arras\u00f3 en octubre Acapulco, donde dej\u00f3 52 fallecidos y 31 desaparecidos, la mayor\u00eda de ellos marineros. En menos de un a\u00f1o, uno de los principales destinos tur\u00edsticos de M\u00e9xico vuelve a sufrir los estragos del clima. John afect\u00f3 a m\u00e1s de 128.000 personas, porque inund\u00f3 40.000 viviendas, en 39 colonias y 18 localidades rurales. El impacto fue sobre todo en la zona este de la ciudad, donde se unen los hoteles y las torres de lujo \u2014heridos por Otis\u2014 de Puerto Diamante, con las colonias populares construidas en los m\u00e1rgenes del r\u00edo y de la laguna.<\/p>\n<p>Ah\u00ed, se\u00f1ala Laura Vel\u00e1zquez, est\u00e1 la clave del problema: \u201cAcapulco tiene un alto \u00edndice de invasi\u00f3n de cuerpos de agua y llanuras de inundaci\u00f3n, debido a las hist\u00f3ricas condiciones de desigualdad que dificultan el acceso a una vivienda segura\u201d. Por ejemplo, la colonia La Poza, que est\u00e1 en los m\u00e1rgenes del r\u00edo La Sabana y colinda con la laguna de Tres Palos, qued\u00f3 anegada tras las precipitaciones de John, pero tambi\u00e9n en octubre con la crecida que provoc\u00f3 Otis.<\/p>\n<p>Los esfuerzos del Gobierno, se\u00f1ala la coordinadora de protecci\u00f3n civil, se centraron en evacuar a las personas en estas zonas de riesgo. Se sac\u00f3 a m\u00e1s de 10.000 personas en cuatro d\u00edas, con 30 veh\u00edculos y 40 lanchas. Hay todav\u00eda 1.645 personas en albergues. La situaci\u00f3n llev\u00f3 a crear una declaratoria de emergencia para el despliegue de ayuda y despensas. Hasta el momento se han repartido m\u00e1s de 100.000 despensas. La presidenta Claudia Sheinbaum, que eligi\u00f3 Acapulco como su primer viaje oficial, ha explicado este viernes que se va a dar un apoyo inicial para limpieza de las casas de 8.000 pesos (unos 400 d\u00f3lares), y que despu\u00e9s del censo de la Secretar\u00eda de Bienestar se va a ver \u201ccu\u00e1l ser\u00eda el siguiente apoyo a la poblaci\u00f3n\u201d.<\/p>\n<p>La prioridad para Sheinbaum es ahora restablecer el servicio de agua en la ciudad, despu\u00e9s de que las lluvias da\u00f1aron gravemente las tres plantas de bombeo. \u201cAyer tuvimos una reuni\u00f3n, le estamos dando seguimiento, se est\u00e1 trabajando con la Marina pasa desazolvar las plantas de bombeo, para que pueda ser restablecido de agua, pero mientras tanto est\u00e1n llegando muchas m\u00e1s pipas\u201d, ha dicho la presidenta. \u201cSeguimos en territorio, limpiando las calles, y restableciendo los servicios de agua\u201d, ha concluido Laura Vel\u00e1zquez.<\/p>","protected":false},"excerpt":{"rendered":"<div class=\"mh-excerpt\"><p>Laura Vel\u00e1zquez, coordinadora de Protecci\u00f3n Civil, presenta los datos del impacto del fen\u00f3meno categor\u00eda tres, que provoc\u00f3 la mitad de los destrozos en Acapulco. Laura <a class=\"mh-excerpt-more\" href=\"https:\/\/interaccioninformativa.mx\/index.php\/2024\/10\/04\/el-balance-final-del-huracan-john-en-guerrero-270-000-afectados-y-23-fallecidos\/\" title=\"El balance final del hurac\u00e1n \u2018John\u2019 en Guerrero: 270.000 afectados y 23 fallecidos.\">[&#8230;]<\/a><\/p>\n<\/div>","protected":false},"author":1,"featured_media":511,"comment_status":"open","ping_status":"closed","sticky":false,"template":"","format":"standard","meta":{"footnotes":""},"categories":[1],"tags":[],"class_list":["post-506","post","type-post","status-publish","format-standard","has-post-thumbnail","hentry","category-noticias"],"_links":{"self":[{"href":"https:\/\/interaccioninformativa.mx\/index.php\/wp-json\/wp\/v2\/posts\/506","targetHints":{"allow":["GET"]}}],"collection":[{"href":"https:\/\/interaccioninformativa.mx\/index.php\/wp-json\/wp\/v2\/posts"}],"about":[{"href":"https:\/\/interaccioninformativa.mx\/index.php\/wp-json\/wp\/v2\/types\/post"}],"author":[{"embeddable":true,"href":"https:\/\/interaccioninformativa.mx\/index.php\/wp-json\/wp\/v2\/users\/1"}],"replies":[{"embeddable":true,"href":"https:\/\/interaccioninformativa.mx\/index.php\/wp-json\/wp\/v2\/comments?post=506"}],"version-history":[{"count":1,"href":"https:\/\/interaccioninformativa.mx\/index.php\/wp-json\/wp\/v2\/posts\/506\/revisions"}],"predecessor-version":[{"id":513,"href":"https:\/\/interaccioninformativa.mx\/index.php\/wp-json\/wp\/v2\/posts\/506\/revisions\/513"}],"wp:featuredmedia":[{"embeddable":true,"href":"https:\/\/interaccioninformativa.mx\/index.php\/wp-json\/wp\/v2\/media\/511"}],"wp:attachment":[{"href":"https:\/\/interaccioninformativa.mx\/index.php\/wp-json\/wp\/v2\/media?parent=506"}],"wp:term":[{"taxonomy":"category","embeddable":true,"href":"https:\/\/interaccioninformativa.mx\/index.php\/wp-json\/wp\/v2\/categories?post=506"},{"taxonomy":"post_tag","embeddable":true,"href":"https:\/\/interaccioninformativa.mx\/index.php\/wp-json\/wp\/v2\/tags?post=506"}],"curies":[{"name":"wp","href":"https:\/\/api.w.org\/{rel}","templated":true}]}}