{"id":518,"date":"2025-02-18T19:35:00","date_gmt":"2025-02-18T19:35:00","guid":{"rendered":"https:\/\/interaccioninformativa.mx\/?p=518"},"modified":"2025-07-14T19:36:00","modified_gmt":"2025-07-14T19:36:00","slug":"arranca-en-mexico-taller-regional-para-el-fortalecimiento-de-hearts-en-las-americas","status":"publish","type":"post","link":"https:\/\/interaccioninformativa.mx\/index.php\/2025\/02\/18\/arranca-en-mexico-taller-regional-para-el-fortalecimiento-de-hearts-en-las-americas\/","title":{"rendered":"Arranca en M\u00e9xico taller regional para el fortalecimiento de HEARTS en las Am\u00e9ricas"},"content":{"rendered":"\n<div class=\"wp-block-media-text is-stacked-on-mobile\"><figure class=\"wp-block-media-text__media\"><img loading=\"lazy\" decoding=\"async\" width=\"1024\" height=\"683\" src=\"https:\/\/interaccioninformativa.mx\/wp-content\/uploads\/2025\/07\/taller-regional-hearts-inauguracion-2025-mex-1200x800-1-1024x683.avif\" alt=\"\" class=\"wp-image-519 size-full\" srcset=\"https:\/\/interaccioninformativa.mx\/wp-content\/uploads\/2025\/07\/taller-regional-hearts-inauguracion-2025-mex-1200x800-1-1024x683.avif 1024w, https:\/\/interaccioninformativa.mx\/wp-content\/uploads\/2025\/07\/taller-regional-hearts-inauguracion-2025-mex-1200x800-1-300x200.avif 300w, https:\/\/interaccioninformativa.mx\/wp-content\/uploads\/2025\/07\/taller-regional-hearts-inauguracion-2025-mex-1200x800-1-768x512.avif 768w, https:\/\/interaccioninformativa.mx\/wp-content\/uploads\/2025\/07\/taller-regional-hearts-inauguracion-2025-mex-1200x800-1.avif 1420w\" sizes=\"auto, (max-width: 1024px) 100vw, 1024px\" \/><\/figure><div class=\"wp-block-media-text__content\">\n<p>Ciudad de M\u00e9xico, 18 de febrero de 2025- Para fortalecer el escalamiento y la institucionalizaci\u00f3n de la iniciativa HEARTS en las Am\u00e9ricas y en todos los subsistemas de prestaci\u00f3n de atenci\u00f3n m\u00e9dica en el pa\u00eds, arranc\u00f3 en M\u00e9xico el taller \u201cReuni\u00f3n de planificaci\u00f3n y fortalecimiento metodol\u00f3gico. HEARTS en las Am\u00e9ricas\u201d, con la participaci\u00f3n de la Secretar\u00eda de Salud Federal, a trav\u00e9s del Centro Nacional de Programas Preventivos y Control de Enfermedades (CENAPRECE), y de los ministerios de salud de Chile, El Salvador, Guyana y Cuba.<\/p>\n<\/div><\/div>\n\n\n<p>En la inauguraci\u00f3n de la reuni\u00f3n regional, el director del CENAPRECE, Rafael Valdez V\u00e1zquez, subray\u00f3 que la actual administraci\u00f3n de gobierno busca implementar protocolos de atenci\u00f3n m\u00e9dica vinculados a estrategias que a nivel internacional han demostrado tener impacto en la mejora de la calidad de la atenci\u00f3n en padecimientos espec\u00edficos, entre ellos, enfermedad cardiovascular, diabetes, hipertensi\u00f3n.<\/p>\n<p>Por ello, agreg\u00f3, los talleres regional y nacional, planeados entre el 17 y 20 de febrero, entorno a la iniciativa HEARTS, llegan en un momento muy oportuno para poder reposicionar y analizar c\u00f3mo adaptar e institucionalizar la estrategia dentro del sistema de salud. \u201cEn M\u00e9xico estamos en un momento coyuntural porque est\u00e1 naciendo una nueva estructura de prestadores de servicios m\u00e9dicos, en la que tenemos la gran oportunidad de generar un gran est\u00e1ndar para la atenci\u00f3n de la hipertensi\u00f3n\u201d.<\/p>\n<p>El representante de la Organizaci\u00f3n Panamericana de la Salud\/Organizaci\u00f3n Mundial de la Salud (OPS\/OMS) en M\u00e9xico, Jos\u00e9 Moya Medina, reconoci\u00f3 los esfuerzos de la Secretar\u00eda de Salud para institucionalizar la iniciativa HEARTS para mejorar el manejo del riesgo cardiovascular y de la hipertensi\u00f3n en la atenci\u00f3n primaria de salud en la poblaci\u00f3n mexicana.<\/p>\n<p>Destac\u00f3 la importancia de impulsar intervenciones a favor de la prevenci\u00f3n de las enfermedades cardiovasculares y \u201cHEARTS es una iniciativa con el potencial de reducir la carga de enfermedades no trasmisibles en el pa\u00eds y en la regi\u00f3n\u201d.<\/p>\n<p>El asesor de enfermedades cardiovasculares de la OPS, Pedro Ord\u00fa\u00f1ez, inform\u00f3 que los pa\u00edses invitados al taller regional \u201cson los que mejor implementan la iniciativa HEARTS en las Am\u00e9ricas, los pa\u00edses que m\u00e1s han crecido en la implementaci\u00f3n en toda su red de atenci\u00f3n primaria de salud\u2026su experiencia es valiosa porque en estas reuniones buscamos c\u00f3mo mejorar y c\u00f3mo vamos a integrar los nuevos desarrollos de esta iniciativa\u201d.<\/p>\n<p>En el primer d\u00eda de trabajo se habl\u00f3 del marco para la mejora de la calidad en el que se busca el liderazgo de los ministerios de salud para fortalecer los sistemas de atenci\u00f3n primaria y as\u00ed mejorar el acceso y la calidad de la atenci\u00f3n para la hipertensi\u00f3n y otros factores de riesgo cardiovascular, que a su vez reducen la carga de las enfermedades cardio-reno-metab\u00f3licas.<\/p>","protected":false},"excerpt":{"rendered":"<div class=\"mh-excerpt\"><p>Ciudad de M\u00e9xico, 18 de febrero de 2025- Para fortalecer el escalamiento y la institucionalizaci\u00f3n de la iniciativa HEARTS en las Am\u00e9ricas y en todos <a class=\"mh-excerpt-more\" href=\"https:\/\/interaccioninformativa.mx\/index.php\/2025\/02\/18\/arranca-en-mexico-taller-regional-para-el-fortalecimiento-de-hearts-en-las-americas\/\" title=\"Arranca en M\u00e9xico taller regional para el fortalecimiento de HEARTS en las Am\u00e9ricas\">[&#8230;]<\/a><\/p>\n<\/div>","protected":false},"author":1,"featured_media":519,"comment_status":"open","ping_status":"closed","sticky":false,"template":"","format":"standard","meta":{"footnotes":""},"categories":[1],"tags":[],"class_list":["post-518","post","type-post","status-publish","format-standard","has-post-thumbnail","hentry","category-noticias"],"_links":{"self":[{"href":"https:\/\/interaccioninformativa.mx\/index.php\/wp-json\/wp\/v2\/posts\/518","targetHints":{"allow":["GET"]}}],"collection":[{"href":"https:\/\/interaccioninformativa.mx\/index.php\/wp-json\/wp\/v2\/posts"}],"about":[{"href":"https:\/\/interaccioninformativa.mx\/index.php\/wp-json\/wp\/v2\/types\/post"}],"author":[{"embeddable":true,"href":"https:\/\/interaccioninformativa.mx\/index.php\/wp-json\/wp\/v2\/users\/1"}],"replies":[{"embeddable":true,"href":"https:\/\/interaccioninformativa.mx\/index.php\/wp-json\/wp\/v2\/comments?post=518"}],"version-history":[{"count":1,"href":"https:\/\/interaccioninformativa.mx\/index.php\/wp-json\/wp\/v2\/posts\/518\/revisions"}],"predecessor-version":[{"id":520,"href":"https:\/\/interaccioninformativa.mx\/index.php\/wp-json\/wp\/v2\/posts\/518\/revisions\/520"}],"wp:featuredmedia":[{"embeddable":true,"href":"https:\/\/interaccioninformativa.mx\/index.php\/wp-json\/wp\/v2\/media\/519"}],"wp:attachment":[{"href":"https:\/\/interaccioninformativa.mx\/index.php\/wp-json\/wp\/v2\/media?parent=518"}],"wp:term":[{"taxonomy":"category","embeddable":true,"href":"https:\/\/interaccioninformativa.mx\/index.php\/wp-json\/wp\/v2\/categories?post=518"},{"taxonomy":"post_tag","embeddable":true,"href":"https:\/\/interaccioninformativa.mx\/index.php\/wp-json\/wp\/v2\/tags?post=518"}],"curies":[{"name":"wp","href":"https:\/\/api.w.org\/{rel}","templated":true}]}}