{"id":521,"date":"2025-03-13T19:38:00","date_gmt":"2025-03-13T19:38:00","guid":{"rendered":"https:\/\/interaccioninformativa.mx\/?p=521"},"modified":"2025-07-14T19:41:01","modified_gmt":"2025-07-14T19:41:01","slug":"el-estado-debe-investigar-el-hallazgo-de-fosas-clandestinas-en-jalisco-y-tamaulipas","status":"publish","type":"post","link":"https:\/\/interaccioninformativa.mx\/index.php\/2025\/03\/13\/el-estado-debe-investigar-el-hallazgo-de-fosas-clandestinas-en-jalisco-y-tamaulipas\/","title":{"rendered":"El Estado debe investigar el hallazgo de fosas clandestinas en Jalisco y Tamaulipas"},"content":{"rendered":"\n<div class=\"wp-block-media-text is-stacked-on-mobile\"><figure class=\"wp-block-media-text__media\"><img loading=\"lazy\" decoding=\"async\" width=\"1024\" height=\"575\" src=\"https:\/\/interaccioninformativa.mx\/wp-content\/uploads\/2025\/07\/csm_Buscadoras-Mexico-1468x710_945c9eb87b-1024x575.webp\" alt=\"\" class=\"wp-image-522 size-full\" srcset=\"https:\/\/interaccioninformativa.mx\/wp-content\/uploads\/2025\/07\/csm_Buscadoras-Mexico-1468x710_945c9eb87b-1024x575.webp 1024w, https:\/\/interaccioninformativa.mx\/wp-content\/uploads\/2025\/07\/csm_Buscadoras-Mexico-1468x710_945c9eb87b-300x169.webp 300w, https:\/\/interaccioninformativa.mx\/wp-content\/uploads\/2025\/07\/csm_Buscadoras-Mexico-1468x710_945c9eb87b-768x432.webp 768w, https:\/\/interaccioninformativa.mx\/wp-content\/uploads\/2025\/07\/csm_Buscadoras-Mexico-1468x710_945c9eb87b.webp 1034w\" sizes=\"auto, (max-width: 1024px) 100vw, 1024px\" \/><\/figure><div class=\"wp-block-media-text__content\">\n<p>Amnist\u00eda Internacional expresa su profunda consternaci\u00f3n ante el hallazgo de\u00a0fosas clandestinas y hornos crematorios en Teuchitl\u00e1n, Jalisco, y en Reynosa, Tamaulipas,\u00a0los d\u00edas 5 y 11 de marzo, respectivamente. Este descubrimiento realizado por colectivas de esos estados amerita que el Estado mexicano abra una\u00a0investigaci\u00f3n inmediata, independiente e integral, que permita identificar los restos localizados y entregarlos con el debido respeto y cuidado a las familias que buscan a sus familiares desaparecidos.<\/p>\n<\/div><\/div>\n\n\n<p>El Estado mexicano tiene la obligaci\u00f3n de brindar todas las medidas de protecci\u00f3n necesarias a las personas buscadoras que localizaron ambos sitios, ante los eventuales riesgos a su integridad. Esas medidas deber\u00edan extenderse en el tiempo con el fin de que las personas buscadoras est\u00e9n seguras y puedan continuar con sus labores de b\u00fasqueda.<\/p>\n<p>Amnist\u00eda Internacional exhorta a evitar la difusi\u00f3n de rumores que estigmatizan a las personas desaparecidas, quienes merecen, sobre todo, respeto y dignidad.<\/p>\n<p>\u201cAnte esta tragedia, instamos al Estado mexicano a esclarecer los hechos y a disponer de los recursos necesarios para ello, as\u00ed como a dar un trato digno y adecuado a las personas que, tras las im\u00e1genes difundidas del hallazgo, han advertido que reconocen prendas que portaban sus familiares que han desaparecido\u201d, declar\u00f3 Edith Olivares Ferreto, Directora Ejecutiva de Amnist\u00eda Internacional, secci\u00f3n mexicana.<\/p>\n<p>\u201cEl Estado mexicano ha sido el gran ausente en el problema de la desaparici\u00f3n forzada en M\u00e9xico. De ah\u00ed la existencia de colectivos de personas buscadoras, la gran mayor\u00eda integrados por mujeres, que han logrado ubicar a centenares de cuerpos de personas desaparecidas. Su trabajo ha generado confianza, por lo que personas con familiares desaparecidos acuden a ellas para pedir su ayuda en lugar de acercarse a las autoridades. El Estado no puede eludir su obligaci\u00f3n de reconocer a las personas buscadoras como defensoras de derechos humanos, que llevan a cabo su labor con gran dignidad y debe proporcionarles las garant\u00edas para que lo sigan realizando\u201d, agrego Edith Olivares Ferreto.<\/p>\n\n\n<p><\/p>\n","protected":false},"excerpt":{"rendered":"<div class=\"mh-excerpt\"><p>Amnist\u00eda Internacional expresa su profunda consternaci\u00f3n ante el hallazgo de\u00a0fosas clandestinas y hornos crematorios en Teuchitl\u00e1n, Jalisco, y en Reynosa, Tamaulipas,\u00a0los d\u00edas 5 y 11 <a class=\"mh-excerpt-more\" href=\"https:\/\/interaccioninformativa.mx\/index.php\/2025\/03\/13\/el-estado-debe-investigar-el-hallazgo-de-fosas-clandestinas-en-jalisco-y-tamaulipas\/\" title=\"El Estado debe investigar el hallazgo de fosas clandestinas en Jalisco y Tamaulipas\">[&#8230;]<\/a><\/p>\n<\/div>","protected":false},"author":1,"featured_media":522,"comment_status":"open","ping_status":"closed","sticky":false,"template":"","format":"standard","meta":{"footnotes":""},"categories":[1],"tags":[],"class_list":["post-521","post","type-post","status-publish","format-standard","has-post-thumbnail","hentry","category-noticias"],"_links":{"self":[{"href":"https:\/\/interaccioninformativa.mx\/index.php\/wp-json\/wp\/v2\/posts\/521","targetHints":{"allow":["GET"]}}],"collection":[{"href":"https:\/\/interaccioninformativa.mx\/index.php\/wp-json\/wp\/v2\/posts"}],"about":[{"href":"https:\/\/interaccioninformativa.mx\/index.php\/wp-json\/wp\/v2\/types\/post"}],"author":[{"embeddable":true,"href":"https:\/\/interaccioninformativa.mx\/index.php\/wp-json\/wp\/v2\/users\/1"}],"replies":[{"embeddable":true,"href":"https:\/\/interaccioninformativa.mx\/index.php\/wp-json\/wp\/v2\/comments?post=521"}],"version-history":[{"count":2,"href":"https:\/\/interaccioninformativa.mx\/index.php\/wp-json\/wp\/v2\/posts\/521\/revisions"}],"predecessor-version":[{"id":524,"href":"https:\/\/interaccioninformativa.mx\/index.php\/wp-json\/wp\/v2\/posts\/521\/revisions\/524"}],"wp:featuredmedia":[{"embeddable":true,"href":"https:\/\/interaccioninformativa.mx\/index.php\/wp-json\/wp\/v2\/media\/522"}],"wp:attachment":[{"href":"https:\/\/interaccioninformativa.mx\/index.php\/wp-json\/wp\/v2\/media?parent=521"}],"wp:term":[{"taxonomy":"category","embeddable":true,"href":"https:\/\/interaccioninformativa.mx\/index.php\/wp-json\/wp\/v2\/categories?post=521"},{"taxonomy":"post_tag","embeddable":true,"href":"https:\/\/interaccioninformativa.mx\/index.php\/wp-json\/wp\/v2\/tags?post=521"}],"curies":[{"name":"wp","href":"https:\/\/api.w.org\/{rel}","templated":true}]}}